{"id":1082,"date":"2011-03-02T23:19:11","date_gmt":"2011-03-03T02:19:11","guid":{"rendered":"http:\/\/www.zocalo.cl\/brujita\/?p=1082"},"modified":"2011-03-02T23:19:11","modified_gmt":"2011-03-03T02:19:11","slug":"el-lenguaje-construye-realidad","status":"publish","type":"post","link":"https:\/\/zocalo.cl\/enamoralaverdad\/el-lenguaje-construye-realidad\/","title":{"rendered":"El lenguaje construye realidad I"},"content":{"rendered":"<p>Desde hace unos a\u00f1os he ido modificando paulatinamente mi lenguaje cotidiano. Todo empez\u00f3 por sugerencias e indicaciones del profesor de los cursos de sanaci\u00f3n, quien insist\u00eda en cada sesi\u00f3n la importancia de usar las palabras apropiadas y dejar de usar las que encierran juicios.<\/p>\n<p>Los primeros ejemplos que recib\u00ed fueron en torno a nuestra costumbre de decir: \u201ctienes que\u201d, \u201ct\u00fa debes\u201d. Estas palabras implican una orden a una persona, le indican que est\u00e1 \u201cobligado a\u201d. Pero sucede que nosotros somos seres con libre albedr\u00edo, libres de tomar&nbsp; nuestras decisiones, sean las que sean. Energ\u00e9ticamente hablando no tenemos obligaciones.<\/p>\n<p><span style=\"font-size: inherit;\">Si uno observa las auras de dos personas que conversan usando estas expresiones, ver\u00e1 que cada vez que se dicen, sale un cord\u00f3n energ\u00e9tico de quien lo dice a quien lo recibe, que es un verdadero lanzazo que se hunde en el aura del otro. Estos cordones van te\u00f1idos de una emoci\u00f3n negativa en particular, y quien lo recibe lo hace \u201camablemente\u201d, porque tiene de la misma emoci\u00f3n dentro de su aura.<\/span><br \/>\nUn ejemplo ser\u00eda una persona que le dice a otra: \u201ct\u00fa est\u00e1s obligado\/a a cuidarme\u201d. Esta frase va te\u00f1ida de culpa, y si la persona que lo recibe es muy culposa, recibir\u00e1 el lanzazo sin darse cuenta, pero s\u00ed se sentir\u00e1 bastante mal.<\/p>\n<p><img loading=\"lazy\" decoding=\"async\" class=\"alignleft\" style=\"margin: 4px;\" src=\"http:\/\/www.zocalo.cl\/brujita\/imagenes\/conversa.jpg\" alt=\"conversa\" width=\"250\" height=\"198\">Aqu\u00ed en Chile es costumbre extendida decirle a otra persona lo que \u201ctiene que hacer\u201d. La pregunta que uno puede hacerse cuando alguien le dice eso es: \u00bfpor qu\u00e9? \u00bfPor qu\u00e9 otra persona se da la atribuci\u00f3n de decidir sobre mi vida?<br \/>\nMuchos dir\u00e1n que la vida tiene sus reglas, leyes y moral, y que hay cosas que son as\u00ed y punto. Pero\u2026 todo esto no pasa de ser una construcci\u00f3n humana basada en juicios y en programaciones que nos limitan.<\/p>\n<p>En vez de decir \u201ct\u00fa tienes que\u201d, es m\u00e1s honorable hacia otro ser humano \u2013libre como todos- \u201ctu podr\u00edas\u201d, \u201csi quieres\u201d, \u201csi te parece\u201d, \u201ctienes la opci\u00f3n\u201d\u2026 etc.<br \/>\nLo mismo con la expresi\u00f3n \u201ct\u00fa debes\u201d.<\/p>\n<p>Otra expresi\u00f3n t\u00edpica chilena es \u201cte fijas\u201d. Con esta expresi\u00f3n le estamos pidiendo al interlocutor que vea exactamente como nosotros vemos, que se quede \u201cfijo\u201d en esta perspectiva. \u00bfSer\u00e1 por eso que los chilenos somos r\u00edgidos?&#8230; \ud83d\ude00<br \/>\nHe conocido personas que hicieron un cambio radical en sus vidas al dejar de decir esta muletilla.<br \/>\nSi realmente es necesario llamar la atenci\u00f3n de un interlocutor,&nbsp; podemos decir un simple \u201cmira\u201d\u2026 s\u00ed es que es necesario, pues cuando uno empieza a hacer los cambios en el lenguaje, se da cuenta que muchas de nuestras expresiones son innecesarias.<\/p>\n<p>En cuanto al tema de la culpa, es interesante cambiar totalmente el concepto por el de responsabilidad. Un fisi\u00f3logo chileno (Fernando Morgado, De fantasmas y demonios, escrito en conjunto con Jane Crossley) escribe en un libro que la culpa nos hace auto condenarnos a cadena perpetua cada vez que recordamos un evento que nos atormenta. Entonces, ante la inutilidad de la auto flagelaci\u00f3n continua te propongo que para liberar culpas y darte cuenta cu\u00e1n innecesaria es, cada vez que la sientas, preg\u00fantate si fuiste irresponsable; el 99% de las veces no te calzar\u00e1. Y si realmente fuiste irresponsable, mira si puedes hacer algo al respecto, y ponlo en pr\u00e1ctica.<br \/>\nDesde este mismo punto de vista, la palabra culpa est\u00e1 incluida en \u00abdisculpas\u00bb, por lo tanto es otra palabra a evitar. Yo dej\u00e9 de decirla hace a\u00f1os. Una opci\u00f3n es decir \u201clo siento\u201d.<\/p>\n<p>Recomiendo visitar de vez en cuando los diccionarios; es bastante ilustrativo leer la definici\u00f3n de las palabras que usamos habitualmente.<br \/>\nLo potente de estos cambios, es que si nos cuesta limpiar desde dentro, podemos empezar a limpiar desde fuera, con este tipo de acciones concretas.<\/p>\n<p>Entonces, te propongo los siguientes cambios de lenguaje:<\/p>\n<ul>\n<li>t\u00fa tienes <em>por <\/em>tu podr\u00edas (el deber y las obligaciones a nivel energ\u00e9tico son inexistentes)<\/li>\n<li>t\u00fa debes <em>por <\/em>tu podr\u00edas (si quieres)<\/li>\n<li>t\u00fa est\u00e1s obligado, mejor ni decirlo<\/li>\n<li>te fijas <em>por <\/em>te hace sentido?, mira, (de hecho es innecesario decir algo as\u00ed)<\/li>\n<li>date cuenta, es lo mismo que te fijas<\/li>\n<li>cachai, lo mismo de arriba<\/li>\n<li>gracias a Dios,&nbsp;<em>por <\/em>gracias a&nbsp;la vida<\/li>\n<li>si Dios quiere, <em>por<\/em> si la vida quiere, si la vida as\u00ed lo decide<\/li>\n<li>no puedo <em>por <\/em>yo puedo<\/li>\n<li>yo creo <em>por <\/em>yo s\u00e9<\/li>\n<li>yo creo <em>por <\/em>tengo la certeza<\/li>\n<li>f\u00e9 <em>por <\/em>certeza<\/li>\n<li>bueno <em>por <\/em>positivo, de vibra alta, con m\u00e1s luz, luminoso (\u201cbueno\u201d es un juicio humano)<\/li>\n<li>malo <em>por <\/em>negativo, oscuro, poca luz, vibra baja (\u201cmalo\u201d es un juicio humano)<\/li>\n<li>cu\u00eddate <em>por <\/em>que est\u00e9s bien (decir cu\u00eddate es desde el miedo que al otro le pase algo, y al decirlo se lanza un cord\u00f3n energ\u00e9tico)<\/li>\n<li>culpa <em>por <\/em>responsabilidad<\/li>\n<li>disculpa <em>por <\/em>lo siento<\/li>\n<li>respetar <em>por <\/em>honrar (respeto implica miedo, honrar implica amor)<\/li>\n<\/ul>\n<p>La palabra perdonar est\u00e1 definida como asumir la culpa, as\u00ed que personalmente no la uso. M\u00e1s bien busco quedar en paz con la situaci\u00f3n y las personas.<\/p>\n<p>En esta misma l\u00ednea, tomo prestadas de Jodorovsky varias sugerencias:<\/p>\n<ul>\n<li>nunca <em>por <\/em>muy pocas veces<\/li>\n<li>siempre <em>por <\/em>a menudo<\/li>\n<li>eres mi maestro <em>por que <\/em>me ense\u00f1as a aprender de m\u00ed mismo<\/li>\n<li>dame <em>por <\/em>permite que yo tome<\/li>\n<li>mi mujer, mi marido <em>por <\/em>el ser con el que comparto mi vida<\/li>\n<li>as\u00ed eres <em>por <\/em>as\u00ed te percibo<\/li>\n<li>lo m\u00edo <em>por <\/em>lo que ahora tengo<\/li>\n<\/ul>\n<p>Otro cambio potente que se puede hacer es evitar usar la palabra NO, siempre hay una forma alternativa de decir lo mismo. De hecho hay idiomas nativos en los que la palabra no existe.<br \/>\nRespecto de esta palabra, una de las costumbres curiosas de este largo pa\u00eds es empezar las frases con un no. Y particularmente me llama la atenci\u00f3n cuando alguien dice: \u201cnoooo, lo pasamos chancho\u201d y al mismo tiempo niega con la cabeza. Yo me pregunto: \u00bfla pas\u00f3 bien ?<br \/>\nTambi\u00e9n es interesante la respuesta: no, s\u00ed, s\u00ed, si\u00ed\u2026 \u00bfLa respuesta es un s\u00ed o un no? \u00bfEn qu\u00e9 quedamos?<br \/>\nResulta interesante ver el trasfondo de estas expresiones, pues la negaci\u00f3n del comienzo de la frase da la percepci\u00f3n real de la persona.<br \/>\nLa doble negaci\u00f3n tambi\u00e9n es graciosa.<br \/>\nMiren por ejemplo la diferencia de vibra entre: No hay nada que el amor no pueda solucionar!!!!<br \/>\nY: El amor es la respuesta a todo.<\/p>\n<p>Es todo un trabajo sanador el buscar la forma de decir todo en forma positiva.<br \/>\nPor ejemplo, si me ofrecen caf\u00e9 y no me apetece, puedo contestar: \u201cgracias, prefiero t\u00e9\u201d.<br \/>\nEs muy distinto decir: \u00abno quiero tener accidentes\u201d, a: \u00abyo estoy a salvo y segura\/o\u00bb<br \/>\nO: \u00abno quiero ser pobre\u00bb, con \u00abpuedo generar la abundancia que deseo\u00bb. O \u00abme abro a la abundancia en mi vida\u00bb.<\/p>\n<p>Cuando pensamos y hablamos desde el no, activamos en nuestra aura una imagen de lo que no queremos, y el universo nos responde d\u00e1ndonos m\u00e1s de lo mismo. Por eso es necesario el pensamiento positivo para poder manifestar lo que deseamos. Esta es la misma raz\u00f3n de fondo para los decretos,&nbsp; que requieren de una formulaci\u00f3n totalmente positiva.<\/p>\n<p>Tambi\u00e9n evito hablar en voz pasiva. Me explico:<br \/>\nEs distinto decir: \u00ab\u00bbyo lei en un libro..\u00bb. a decir: \u00abse dice\u00bb, \u00abse sabe\u00bb.<br \/>\nCuando se usa la voz pasiva, uno traslada la responsabilidad de lo que est\u00e1 diciendo a otro, en vez de tomar la responsabilidad total sobre lo que estamos diciendo.<br \/>\nEs muy diferente decir: \u00abyo pienso, creo, siento&#8230;\u00bb, a decir: \u00abla gente dice&#8230;\u00bb, o \u00abse sabe&#8230;\u00bb.<br \/>\nTomar la responsabilidad total de nuestros actos es el primer paso de nuestro crecimiento interno, y cambiar la conjugaci\u00f3n verbal y la persona desde la que hablamos hace una gran diferencia energ\u00e9tica.<\/p>\n<p>Podemos ser creativos y buscar otra forma de expresarnos, otras palabras para designar hechos y acciones, deseos y decretos.<br \/>\nEl cambiar las palabras puede ser producto de un cambio de mirada de la vida, o se puede provocar el cambio de enfoque al usar otro lenguaje. Y al hacerlo, comenzamos a usar otras redes neuronales de nuestro cerebro.<\/p>\n<p>Es tiempo de despertar nuestra potencialidad total.<\/p>\n<p>Namast\u00e9!<\/p>\n","protected":false},"excerpt":{"rendered":"<p>Desde hace unos a\u00f1os he ido modificando paulatinamente mi lenguaje cotidiano. Todo empez\u00f3 por sugerencias e indicaciones del profesor de los cursos de sanaci\u00f3n, quien insist\u00eda en cada sesi\u00f3n la importancia de usar las palabras apropiadas y dejar de usar las que encierran juicios. Los primeros ejemplos que recib\u00ed fueron en torno a nuestra costumbre [&hellip;]<\/p>\n","protected":false},"author":1,"featured_media":3626,"comment_status":"open","ping_status":"open","sticky":false,"template":"","format":"standard","meta":{"site-container-style":"default","site-container-layout":"default","site-sidebar-layout":"default","disable-article-header":"default","disable-site-header":"default","disable-site-footer":"default","disable-content-area-spacing":"default","ngg_post_thumbnail":0,"_joinchat":[],"footnotes":""},"categories":[12],"tags":[107],"class_list":["post-1082","post","type-post","status-publish","format-standard","has-post-thumbnail","hentry","category-reflejos-interiores","tag-lenguaje"],"_links":{"self":[{"href":"https:\/\/zocalo.cl\/enamoralaverdad\/wp-json\/wp\/v2\/posts\/1082","targetHints":{"allow":["GET"]}}],"collection":[{"href":"https:\/\/zocalo.cl\/enamoralaverdad\/wp-json\/wp\/v2\/posts"}],"about":[{"href":"https:\/\/zocalo.cl\/enamoralaverdad\/wp-json\/wp\/v2\/types\/post"}],"author":[{"embeddable":true,"href":"https:\/\/zocalo.cl\/enamoralaverdad\/wp-json\/wp\/v2\/users\/1"}],"replies":[{"embeddable":true,"href":"https:\/\/zocalo.cl\/enamoralaverdad\/wp-json\/wp\/v2\/comments?post=1082"}],"version-history":[{"count":0,"href":"https:\/\/zocalo.cl\/enamoralaverdad\/wp-json\/wp\/v2\/posts\/1082\/revisions"}],"wp:featuredmedia":[{"embeddable":true,"href":"https:\/\/zocalo.cl\/enamoralaverdad\/wp-json\/wp\/v2\/media\/3626"}],"wp:attachment":[{"href":"https:\/\/zocalo.cl\/enamoralaverdad\/wp-json\/wp\/v2\/media?parent=1082"}],"wp:term":[{"taxonomy":"category","embeddable":true,"href":"https:\/\/zocalo.cl\/enamoralaverdad\/wp-json\/wp\/v2\/categories?post=1082"},{"taxonomy":"post_tag","embeddable":true,"href":"https:\/\/zocalo.cl\/enamoralaverdad\/wp-json\/wp\/v2\/tags?post=1082"}],"curies":[{"name":"wp","href":"https:\/\/api.w.org\/{rel}","templated":true}]}}