{"id":1114,"date":"2012-04-18T10:19:33","date_gmt":"2012-04-18T13:19:33","guid":{"rendered":"http:\/\/www.zocalo.cl\/brujita\/?p=1114"},"modified":"2012-04-18T10:19:33","modified_gmt":"2012-04-18T13:19:33","slug":"soy-estoy-mi-presente","status":"publish","type":"post","link":"https:\/\/zocalo.cl\/enamoralaverdad\/soy-estoy-mi-presente\/","title":{"rendered":"Soy&#8230; estoy\u2026 mi presente"},"content":{"rendered":"<p>Releyendo escritos antiguos de esta secci\u00f3n, tomo conciencia de cu\u00e1nto cambio ha habido en mi vida reciente.<\/p>\n<p>En los primeros escritos hablo mucho del compa\u00f1ero de vida de entonces\u2026 que ya no est\u00e1 a mi lado. Por ah\u00ed declaro que agradec\u00eda su compa\u00f1\u00eda, pues lo sent\u00eda permeable y con ganas de crecer, pero el ejercicio del libre albedr\u00edo separ\u00f3 nuestros caminos.<\/p>\n<p>Muchas personas que eran cercanas a m\u00ed est\u00e1n lejos ahora. Y muchas personas nuevas est\u00e1n cerca: muchos que han elegido el camino de vivir conscientemente esta maravilla de vida.<!--more--><\/p>\n<p>Por estos d\u00edas aprendo, aprehendo y vivo nuevos estados de conciencia, nuevas percepciones\u2026 mi universo se agranda y se agranda. Estoy tomando consciencia profunda de cu\u00e1n inconmensurable es mi ser entero, cuan eterno e ilimitado es. Medito, siento, vivo\u2026 SOY.<\/p>\n<p>Todo esto viene de la pr\u00e1ctica de <a href=\"http:\/\/www.satnamrasayan.cl\/\" target=\"_blank\" rel=\"noopener noreferrer\">Sat Nam Rasayan<\/a> (meditaci\u00f3n ultra profunda en la verdadera identidad), un m\u00e9todo curativo que nace en le seno del yoga Kundalini. Ya hace casi un a\u00f1o que practico sus conceptos b\u00e1sicos. Tal como dicen quienes lo practican hace tiempo, Sat Nam Rasayan potencia las habilidades curativas personales y cualquier t\u00e9cnica previa de sanaci\u00f3n.<\/p>\n<p>El principio es tan simple: tomar contacto perceptivo con algo dentro de uno, y observarlo, observarlo, observarlo\u2026 s\u00f3lo dejarlo ser\u2026 y de repente algo cambia\u2026 algo se libera, algo se integra, algo deja de doler.<\/p>\n<p>Tras el primer curso entend\u00ed que este estado perceptivo es el estado natural de una persona cristal, y tambi\u00e9n de los ni\u00f1os. Comprend\u00ed que uno libera muy r\u00e1pido enfermedades, emociones, y lo que sea, porque al observar simplemente, uno deja de sentir el juicio que da origen al malestar.<\/p>\n<p>La maravilla de la vida y de la creaci\u00f3n consciente de la misma ha hecho posible compartir toda esta experiencia iluminadora y pacificadora con un grupo de \u201cbruji amigos\u201d. Juntos nos observamos en el proceso de liberar dolores, enfermedades, trabas internas, etc. Nos hemos visto integrar nuestro ser, aceptando nuestras sombras y nuestras luces. Juntos trabajamos en nuestras oscuridades, juntos las integramos. Juntos recordamos nuestro ser.<\/p>\n<p>Mi percepci\u00f3n actual de la vida est\u00e1 centrada totalmente en mi 4\u00ba chakra. Entiendo, aprehendo, siento, veo, vivo el mundo desde la conciencia profunda que mi 4\u00ba chakra es el centro de mi propio universo, ilimitado, atemporal. S\u00e9 que lo que hay en mi 4\u00ba chakra es lo que mi universo es. Osea&#8230; soy quien soy. As\u00ed de simple.<\/p>\n<p>Si soy-estoy confiada, mi universo es la confianza, por lo tanto no creo o atraigo situaciones en las que sienta miedo. Si soy-estoy alegre, mi universo entero est\u00e1 as\u00ed; si soy-estoy agradecida, eso es mi universo en ese instante. Y si soy-estoy triste, mi universo entero llora conmigo. Si soy-estoy culposa, mi universo entero entra en el autocastigo.<\/p>\n<p><img loading=\"lazy\" decoding=\"async\" class=\"alignleft\" style=\"margin: 4px;\" alt=\"Paz interior\" src=\"http:\/\/www.zocalo.cl\/brujita\/imagenes\/paz-interior.jpg\" width=\"300\" height=\"200\" \/>Siento al hablar las vibraciones de mis palabras, siento como afectan mi entorno. Siento las vibraciones de personas y objetos en mi aura, siento como me afectan, y como los afecto yo a ellos. Siento las acciones y reacciones energ\u00e9ticas y vibracionales en el interactuar cotidiano. Siento, percibo&#8230; y todo est\u00e1 bien. Todo es perfecto.<\/p>\n<p>As\u00ed somos los seres humanos todos\u2026 esto es lo que nos vinieron a ense\u00f1ar Jes\u00fas, Buda y tantos otros. Esto es lo que quisimos vivir este a\u00f1o 2012: el despertar de nuestra conciencia plena.<\/p>\n<p>Estoy en paz, observando, sintiendo, viviendo. Percibo el bullir de la vida en las hojas, mis gatos, en el viento, la lluvia. Percibo, escucho, veo\u2026 entiendo, comprendo, acepto.<\/p>\n<p>Soy\u2026 simplemente soy\u2026 soy mi ser entero, expandido, con la chispa de la vida bullendo en mi 4\u00ba chakra y en todo mi universo.<\/p>\n<p>YO SOY<\/p>\n<p>Namast\u00e9!<\/p>\n","protected":false},"excerpt":{"rendered":"<p>Releyendo escritos antiguos de esta secci\u00f3n, tomo conciencia de cu\u00e1nto cambio ha habido en mi vida reciente. En los primeros escritos hablo mucho del compa\u00f1ero de vida de entonces\u2026 que ya no est\u00e1 a mi lado. Por ah\u00ed declaro que agradec\u00eda su compa\u00f1\u00eda, pues lo sent\u00eda permeable y con ganas de crecer, pero el ejercicio [&hellip;]<\/p>\n","protected":false},"author":1,"featured_media":0,"comment_status":"open","ping_status":"open","sticky":false,"template":"","format":"standard","meta":{"site-container-style":"default","site-container-layout":"default","site-sidebar-layout":"default","disable-article-header":"default","disable-site-header":"default","disable-site-footer":"default","disable-content-area-spacing":"default","ngg_post_thumbnail":0,"_joinchat":[],"footnotes":""},"categories":[12],"tags":[41],"class_list":["post-1114","post","type-post","status-publish","format-standard","hentry","category-reflejos-interiores","tag-autoconciencia"],"_links":{"self":[{"href":"https:\/\/zocalo.cl\/enamoralaverdad\/wp-json\/wp\/v2\/posts\/1114","targetHints":{"allow":["GET"]}}],"collection":[{"href":"https:\/\/zocalo.cl\/enamoralaverdad\/wp-json\/wp\/v2\/posts"}],"about":[{"href":"https:\/\/zocalo.cl\/enamoralaverdad\/wp-json\/wp\/v2\/types\/post"}],"author":[{"embeddable":true,"href":"https:\/\/zocalo.cl\/enamoralaverdad\/wp-json\/wp\/v2\/users\/1"}],"replies":[{"embeddable":true,"href":"https:\/\/zocalo.cl\/enamoralaverdad\/wp-json\/wp\/v2\/comments?post=1114"}],"version-history":[{"count":0,"href":"https:\/\/zocalo.cl\/enamoralaverdad\/wp-json\/wp\/v2\/posts\/1114\/revisions"}],"wp:attachment":[{"href":"https:\/\/zocalo.cl\/enamoralaverdad\/wp-json\/wp\/v2\/media?parent=1114"}],"wp:term":[{"taxonomy":"category","embeddable":true,"href":"https:\/\/zocalo.cl\/enamoralaverdad\/wp-json\/wp\/v2\/categories?post=1114"},{"taxonomy":"post_tag","embeddable":true,"href":"https:\/\/zocalo.cl\/enamoralaverdad\/wp-json\/wp\/v2\/tags?post=1114"}],"curies":[{"name":"wp","href":"https:\/\/api.w.org\/{rel}","templated":true}]}}