{"id":1707,"date":"2014-10-15T11:13:37","date_gmt":"2014-10-15T14:13:37","guid":{"rendered":"http:\/\/www.zocalo.cl\/brujita\/?p=1707"},"modified":"2014-10-15T11:13:37","modified_gmt":"2014-10-15T14:13:37","slug":"sanando","status":"publish","type":"post","link":"https:\/\/zocalo.cl\/enamoralaverdad\/sanando\/","title":{"rendered":"Sanando\u2026"},"content":{"rendered":"<p>Por estos d\u00edas me he observado en mi amado trabajo de sanadora.<br \/>\nConverso con los pacientes, los observo a ellos, y a m\u00ed observ\u00e1ndolos.<\/p>\n<p>Van 10 a\u00f1os desde que empec\u00e9 a desarrollar mis habilidades para entrar en la conciencia oculta de nosotros los humanos. 8 a\u00f1os desde que empec\u00e9 a atender oficialmente.<\/p>\n<p>Mi primer sistema fue netamente visual, aprendiendo a percibir el aura con t\u00e9cnicas similares a las de programaci\u00f3n neuroling\u00fc\u00edstica. En esos a\u00f1os entend\u00ed que el aura es un banco enorme de informaci\u00f3n almacenada en forma de hologramas, que aprend\u00ed a ver e interpretar. Suelo decir que el aura es un gran disco duro, con contenido multimedia.<br \/>\nSi veo una imagen azul oscura, es una escena triste de la vida de la persona; si es roja oscura, es rabia; si es blanca opaca, es de miedo.<\/p>\n<figure style=\"width: 450px\" class=\"wp-caption alignleft\"><img loading=\"lazy\" decoding=\"async\" src=\"http:\/\/www.zocalo.cl\/brujita\/imagenes\/aura.jpg\" alt=\"\" width=\"450\" height=\"320\"><figcaption class=\"wp-caption-text\">Im\u00e1genes del aura (Aura y chakras, Harold Moskovitz)<\/figcaption><\/figure>\n<p>He visto pel\u00edculas completas, ba\u00f1adas en un color espec\u00edfico, donde aparecen personas de la familia del paciente, recuerdos de infancia. En ocasiones veo literalmente lo que ocurri\u00f3, en otras es una met\u00e1fora.<br \/>\nPuede que la imagen sea muy brillante y potente, o puede que sea apenas un velo superpuesto sobre la persona, o un flash sutil que se dispara hacia un costado.<br \/>\nCon el tiempo me d\u00ed cuenta que yo no manejo cu\u00e1nto veo en una persona, o c\u00f3mo lo veo, simplemente ocurre, dependiendo de las necesidades y urgencias del paciente.<\/p>\n<p>Al mismo tiempo de usar esta t\u00e9cnica visual para evaluar, utilizaba la t\u00e9cnica de ver cada chakra y retirar con mis manos las energ\u00edas bajas, tal como aprend\u00ed con mi primer profesor.<br \/>\nAprend\u00ed a dejarme llevar por la intuici\u00f3n, a recibir informaci\u00f3n muy clara, indicaciones de qu\u00e9 hacer en la sanaci\u00f3n\u2026 la pr\u00e1ctica me ense\u00f1\u00f3 que lo que ocurre en ese espacio de conexi\u00f3n entre dos esp\u00edritus simplemente ES. De a poco fue creciendo la certeza en lo que hac\u00eda, ve\u00eda, sent\u00eda.<br \/>\nEmpec\u00e9 a desarrollar la habilidad para encontrar la causa primera de un problema: una escena, una instrucci\u00f3n, una promesa, una frase de esta vida o de una anterior\u2026 una clave que una vez liberada, permite que la persona haga un cambio de consciencia y de comportamiento.<\/p>\n<p>Cuando logro llegar a esa clave y se suma que la persona permite y quiere realmente la sanaci\u00f3n, algo ocurre: un destello de luz, un movimiento fuerte de energ\u00edas en el aura, cambian las im\u00e1genes de repente\u2026 algo se aliviana\u2026 entonces, s\u00e9 que viene el crecimiento, la claridad y la autoconciencia de ese ser humano que tengo frente a m\u00ed.<br \/>\nHe visto una y otra vez ese destello, ese cambio\u2026 ese instante fugaz y sagrado en el que vislumbro el ser \u00edntimo de una persona, y en el que soy testigo privilegiada de la maravilla de seres que somos los humanos.<\/p>\n<p>Transcurridos 3 a\u00f1os trabajando como sanadora, me top\u00e9 con personas con una percepci\u00f3n distinta, que no ve\u00edan tanto, sino que sent\u00edan, sab\u00edan.<br \/>\nDe la mano de ellos empec\u00e9 a recordar que yo tambi\u00e9n siento. Y as\u00ed llegu\u00e9 a los cursos de meditaci\u00f3n y sanaci\u00f3n meditativa.<br \/>\nY empec\u00e9 a sentir m\u00e1s que ver\u2026<\/p>\n<p>De a poco me he dado cuenta que en realidad no soy tan vidente \u2013como mi querido JP- sino que soy sintiente.<br \/>\nA\u00fan as\u00ed, sigo usando la t\u00e9cnica visual para \u2018diagnosticar\u2019, entender a la persona, sigo viendo im\u00e1genes mientras me cuentan una historia, hago preguntas, googleo en el aura de la persona con el mapa de aura y chakras. Y ahora se suma que siento en mi cuerpo los dolores f\u00edsicos del otro, las emociones acumuladas; siento, veo, escucho, s\u00e9\u2026 todas las opciones juntas, o de a una por vez.<br \/>\nBusco, indago en las memorias y emociones hasta que encuentro una clave.<\/p>\n<p>Entonces empiezo la sanaci\u00f3n en s\u00ed, con la persona recostada y relajada, medito en las claves que encontr\u00e9. Y al mismo tiempo, permito que llegue toda informaci\u00f3n y energ\u00eda que el esp\u00edritu del paciente quiera mostrar.<br \/>\nEntonces\u2026 meditando con mi mano sobre un brazo de la persona, de repente algo ocurre en la energ\u00eda, en mi espacio sensible. Algo se aliviana, se mueve, cambia, desaparece, aparece\u2026 ese movimiento implica que ocurri\u00f3 una liberaci\u00f3n, una trasmutaci\u00f3n.<br \/>\nCompleto la sanaci\u00f3n y pregunto: \u00bfc\u00f3mo te sientes? Y vuelvo a evaluar visualmente.<br \/>\nEntonces soy testigo otra vez de un sorprendente cambio en un bello ser humano que busca respuestas, alivio, comprensi\u00f3n, sanaci\u00f3n.<\/p>\n<p>Ese momento m\u00e1gico lo vivo con la muchas personas, en la mayor\u00eda de las sesiones. Me atrevo a decir que un 90% de los pacientes que he atendido han hecho cambios espectaculares en su vida.<\/p>\n<p>Con el tiempo y la pr\u00e1ctica, he aprendido a distinguir si la persona que reci\u00e9n llega realmente quiere cambiar, sanar, o no. Mis terapias apuntan a modificar la conciencia profunda, esa que no vemos, como el 85% bajo agua de un iceberg. Muchas personas dicen que quieren un cambio, pero esa porci\u00f3n oculta de la conciencia no se los permite.<br \/>\nSuelo decir que lo que importa es una decisi\u00f3n consciente,&nbsp; clara y fuerte, que llegue a remover ese 85% subterr\u00e1neo. No importa que uno no sepa lo que hay ah\u00ed&#8230; basta la intenci\u00f3n de removerlo y dejarlo ir.<\/p>\n<p>Cuando alguien llega decido a investigar, soltar, cambiar; con una certeza que ni siquiera sabe de d\u00f3nde viene, entonces, a trav\u00e9s de la aceptaci\u00f3n de eso que est\u00e1 guardado bajo la superficie\u2026 entonces viene la transformaci\u00f3n.<br \/>\nComo dec\u00eda Jung: \u201cLo que se resiste, persiste. Lo que aceptas, se transforma.\u201d<\/p>\n<p>En este camino como sanadora me he ido transformando. Empec\u00e9 muy r\u00edgida y mental, recitando las lecciones aprendidas con la certeza de que funcionaban, por varias historias de sanaciones sorprendentes que viv\u00ed mientras estudiaba.<br \/>\nMes tras mes, paciente tras paciente, me han llegado claves para mi propia vida. Al ayudar a una persona controladora, entend\u00ed parte de mi ser; al atender mujeres poderosas entend\u00ed mi propia historia y a mis ancestras anuladoras de hombres.<br \/>\nHe aprendido a honrar los tiempos y los procesos personales.<br \/>\nA\u00f1o tras a\u00f1o me he ido dulcificando, conociendo, transformando\u2026 descubr\u00ed la compasi\u00f3n dentro de mi ser, la mirada y el gesto de amor honesto hacia el otro. Y lentamente he ido borrando la ilusi\u00f3n de la separaci\u00f3n.<\/p>\n<p>Hoy me conmueve el ser humano, me conmueven mis pares, yo misma. Somos seres maravillosos\u2026<br \/>\nMe sorprende y asombra la capacidad que tenemos para crearnos a nosotros mismos, las trampas que nos hacemos, las habilidades enormes que tenemos, la porf\u00eda de sostener una visi\u00f3n, la terquedad para aferrarnos a algo, la negaci\u00f3n de lo que sentimos.<\/p>\n<p>Observo\u2026 observo&#8230; y observo\u2026 en m\u00ed y en otros, esa costumbre que tenemos de buscar responsables fuera de nosotros, en vez de aceptar con humildad que somos los \u00fanicos creadores de nuestra vida.<br \/>\nY disfruto el chispazo de un otro \u2013o de m\u00ed misma- descubriendo las&nbsp; trampas y zancadillas auto inferidas.<\/p>\n<p>Observo, medito\u2026 y amo. Amo incondicionalmente este mundo, esta vida y cada ser individual que surge del mar de la conciencia original.<br \/>\nAmo mi trabajo de sanadora, amo ser sanadora, entregarme al llamado esencial de mi esp\u00edritu.<\/p>\n<p>Namast\u00e9!<\/p>\n","protected":false},"excerpt":{"rendered":"<p>Por estos d\u00edas me he observado en mi amado trabajo de sanadora. Converso con los pacientes, los observo a ellos, y a m\u00ed observ\u00e1ndolos. Van 10 a\u00f1os desde que empec\u00e9 a desarrollar mis habilidades para entrar en la conciencia oculta de nosotros los humanos. 8 a\u00f1os desde que empec\u00e9 a atender oficialmente. Mi primer sistema [&hellip;]<\/p>\n","protected":false},"author":1,"featured_media":1709,"comment_status":"open","ping_status":"open","sticky":false,"template":"","format":"standard","meta":{"site-container-style":"default","site-container-layout":"default","site-sidebar-layout":"default","disable-article-header":"default","disable-site-header":"default","disable-site-footer":"default","disable-content-area-spacing":"default","ngg_post_thumbnail":0,"_joinchat":[],"footnotes":""},"categories":[12,14],"tags":[160,162],"class_list":["post-1707","post","type-post","status-publish","format-standard","has-post-thumbnail","hentry","category-reflejos-interiores","category-terapias-energeticas","tag-sanacion","tag-sat-nam-rasayan"],"_links":{"self":[{"href":"https:\/\/zocalo.cl\/enamoralaverdad\/wp-json\/wp\/v2\/posts\/1707","targetHints":{"allow":["GET"]}}],"collection":[{"href":"https:\/\/zocalo.cl\/enamoralaverdad\/wp-json\/wp\/v2\/posts"}],"about":[{"href":"https:\/\/zocalo.cl\/enamoralaverdad\/wp-json\/wp\/v2\/types\/post"}],"author":[{"embeddable":true,"href":"https:\/\/zocalo.cl\/enamoralaverdad\/wp-json\/wp\/v2\/users\/1"}],"replies":[{"embeddable":true,"href":"https:\/\/zocalo.cl\/enamoralaverdad\/wp-json\/wp\/v2\/comments?post=1707"}],"version-history":[{"count":0,"href":"https:\/\/zocalo.cl\/enamoralaverdad\/wp-json\/wp\/v2\/posts\/1707\/revisions"}],"wp:featuredmedia":[{"embeddable":true,"href":"https:\/\/zocalo.cl\/enamoralaverdad\/wp-json\/wp\/v2\/media\/1709"}],"wp:attachment":[{"href":"https:\/\/zocalo.cl\/enamoralaverdad\/wp-json\/wp\/v2\/media?parent=1707"}],"wp:term":[{"taxonomy":"category","embeddable":true,"href":"https:\/\/zocalo.cl\/enamoralaverdad\/wp-json\/wp\/v2\/categories?post=1707"},{"taxonomy":"post_tag","embeddable":true,"href":"https:\/\/zocalo.cl\/enamoralaverdad\/wp-json\/wp\/v2\/tags?post=1707"}],"curies":[{"name":"wp","href":"https:\/\/api.w.org\/{rel}","templated":true}]}}