{"id":2049,"date":"2015-06-05T16:58:05","date_gmt":"2015-06-05T19:58:05","guid":{"rendered":"http:\/\/www.zocalo.cl\/brujita\/?p=2049"},"modified":"2015-06-05T16:58:05","modified_gmt":"2015-06-05T19:58:05","slug":"la-conciencia-es-dinamica","status":"publish","type":"post","link":"https:\/\/zocalo.cl\/enamoralaverdad\/la-conciencia-es-dinamica\/","title":{"rendered":"La conciencia es din\u00e1mica"},"content":{"rendered":"<p>Cuando dejamos de manipular y de controlar la conciencia nos damos cuenta de que la conciencia no est\u00e1 quieta. Cuando dejamos de dirigirla, quiz\u00e1 descansa un rato; tal vez se vuelve globalmente consciente, de tal forma que puedes asimilarlo todo de golpe con los sentidos. Cuanto m\u00e1s te relajas, normalmente te haces m\u00e1s consciente de la globalidad, sintiendo la totalidad de la experiencia, asimilando todas las cosas y todas las experiencias como un \u00fanico todo. Pero las cosas pueden cambiar. La conciencia es curiosa por naturaleza. Si te pica un dedo del pie, si sientes algo en un costado o si tienes una contracci\u00f3n en alguna parte, la conciencia probablemente se mueva espont\u00e1nea y naturalmente hacia esa direcci\u00f3n. La palabra clave es \u00abnaturalmente\u00bb; la conciencia no se mover\u00e1 por obligaci\u00f3n, sino siguiendo su voluntad de fluir de forma natural. Permitir que todo sea lo que es no genera un estado est\u00e1tico. La conciencia se dirigir\u00e1 hacia tus pies, hacia el dolor o hacia la tensi\u00f3n. Se desplazar\u00e1 hacia una sensaci\u00f3n de alegr\u00eda. Si escucho un p\u00e1jaro en el exterior, tal vez me vuelva global espont\u00e1neamente y lo asimile todo de golpe. Tal vez sienta una repentina curiosidad hacia el silencio y penetre en \u00e9l. Permitir que todo sea lo que es genera un entorno mucho m\u00e1s din\u00e1mico del sugerido por las palabras. T\u00fa tendr\u00e1s que descubrir internamente el verdadero significado de esto.<br \/>\nComprobar\u00e1s que la conciencia es muy din\u00e1mica; tiende a moverse. A veces se detiene y descansa en una profunda sensaci\u00f3n de silencio y de quietud. Cuando nos relajamos, permitimos que la conciencia haga lo que quiera. Que vaya donde tenga que ir. Nos damos cuenta de que la conciencia tiene una inteligencia propia. Como meditador, tienes la oportunidad de comprometerte con lo que la conciencia quiera experimentar, con la direcci\u00f3n que quiera tomar, con lo que quiera ver. Estar\u00e1s comprometido; estar\u00e1s justo ah\u00ed, dispuesto a ir donde la conciencia quiera.<\/p>\n<p><em>(Meditaci\u00f3n aut\u00e9ntica, Adysashanti)<\/em><\/p>\n<figure id=\"attachment_2050\" aria-describedby=\"caption-attachment-2050\" style=\"width: 300px\" class=\"wp-caption aligncenter\"><a href=\"http:\/\/www.zocalo.cl\/brujita\/wp-content\/uploads\/2015\/09\/4195_n.jpg\"><img loading=\"lazy\" decoding=\"async\" class=\"wp-image-2050 size-medium\" src=\"http:\/\/www.zocalo.cl\/brujita\/wp-content\/uploads\/2015\/09\/4195_n-300x225.jpg\" alt=\"\" width=\"300\" height=\"225\" srcset=\"https:\/\/zocalo.cl\/enamoralaverdad\/wp-content\/uploads\/2015\/09\/4195_n-300x225.jpg 300w, https:\/\/zocalo.cl\/enamoralaverdad\/wp-content\/uploads\/2015\/09\/4195_n.jpg 640w\" sizes=\"auto, (max-width: 300px) 100vw, 300px\" \/><\/a><figcaption id=\"caption-attachment-2050\" class=\"wp-caption-text\">La conciencia es din\u00e1mica.<\/figcaption><\/figure>\n","protected":false},"excerpt":{"rendered":"<p>Cuando dejamos de manipular y de controlar la conciencia nos damos cuenta de que la conciencia no est\u00e1 quieta. Cuando dejamos de dirigirla, quiz\u00e1 descansa un rato; tal vez se vuelve globalmente consciente, de tal forma que puedes asimilarlo todo de golpe con los sentidos. Cuanto m\u00e1s te relajas, normalmente te haces m\u00e1s consciente de [&hellip;]<\/p>\n","protected":false},"author":1,"featured_media":2052,"comment_status":"open","ping_status":"open","sticky":false,"template":"","format":"standard","meta":{"site-container-style":"default","site-container-layout":"default","site-sidebar-layout":"default","disable-article-header":"default","disable-site-header":"default","disable-site-footer":"default","disable-content-area-spacing":"default","ngg_post_thumbnail":0,"_joinchat":[],"footnotes":""},"categories":[12,16],"tags":[24,117],"class_list":["post-2049","post","type-post","status-publish","format-standard","has-post-thumbnail","hentry","category-reflejos-interiores","category-vivir-consciente","tag-adyashanti","tag-meditacion"],"_links":{"self":[{"href":"https:\/\/zocalo.cl\/enamoralaverdad\/wp-json\/wp\/v2\/posts\/2049","targetHints":{"allow":["GET"]}}],"collection":[{"href":"https:\/\/zocalo.cl\/enamoralaverdad\/wp-json\/wp\/v2\/posts"}],"about":[{"href":"https:\/\/zocalo.cl\/enamoralaverdad\/wp-json\/wp\/v2\/types\/post"}],"author":[{"embeddable":true,"href":"https:\/\/zocalo.cl\/enamoralaverdad\/wp-json\/wp\/v2\/users\/1"}],"replies":[{"embeddable":true,"href":"https:\/\/zocalo.cl\/enamoralaverdad\/wp-json\/wp\/v2\/comments?post=2049"}],"version-history":[{"count":0,"href":"https:\/\/zocalo.cl\/enamoralaverdad\/wp-json\/wp\/v2\/posts\/2049\/revisions"}],"wp:featuredmedia":[{"embeddable":true,"href":"https:\/\/zocalo.cl\/enamoralaverdad\/wp-json\/wp\/v2\/media\/2052"}],"wp:attachment":[{"href":"https:\/\/zocalo.cl\/enamoralaverdad\/wp-json\/wp\/v2\/media?parent=2049"}],"wp:term":[{"taxonomy":"category","embeddable":true,"href":"https:\/\/zocalo.cl\/enamoralaverdad\/wp-json\/wp\/v2\/categories?post=2049"},{"taxonomy":"post_tag","embeddable":true,"href":"https:\/\/zocalo.cl\/enamoralaverdad\/wp-json\/wp\/v2\/tags?post=2049"}],"curies":[{"name":"wp","href":"https:\/\/api.w.org\/{rel}","templated":true}]}}