{"id":2077,"date":"2015-01-22T16:46:54","date_gmt":"2015-01-22T19:46:54","guid":{"rendered":"http:\/\/www.zocalo.cl\/brujita\/?p=2077"},"modified":"2015-01-22T16:46:54","modified_gmt":"2015-01-22T19:46:54","slug":"vida-muerte-vida","status":"publish","type":"post","link":"https:\/\/zocalo.cl\/enamoralaverdad\/vida-muerte-vida\/","title":{"rendered":"Vida, muerte, vida"},"content":{"rendered":"<p>Un \u00e1rbol vive su vida en el bosque. Cae cuando llega su tiempo; lo vence el viento, los a\u00f1os, los peque\u00f1os insectos que se alimentan de sus entra\u00f1as.<br \/>\nCae y ofrece sus restos a la tierra, sus ramas, sus hojas, su tronco, los que vuelven a fundirse con el suelo vegetal del bosque h\u00famedo. Nueva vida lo habita: peque\u00f1as plantas, musgos, l\u00edquenes.<br \/>\nEl ciclo completo: vida, muerte, vida otra vez.<\/p>\n<figure id=\"attachment_2078\" aria-describedby=\"caption-attachment-2078\" style=\"width: 400px\" class=\"wp-caption aligncenter\"><a href=\"http:\/\/www.zocalo.cl\/brujita\/wp-content\/uploads\/2015\/09\/0953_n.jpg\"><img loading=\"lazy\" decoding=\"async\" class=\"wp-image-2078 size-large\" src=\"http:\/\/www.zocalo.cl\/brujita\/\/wp-content\/uploads\/2015\/09\/0953_n-400x225.jpg\" alt=\"0953_n\" width=\"400\" height=\"225\"><\/a><figcaption id=\"caption-attachment-2078\" class=\"wp-caption-text\">El bosque vivo.<\/figcaption><\/figure>\n","protected":false},"excerpt":{"rendered":"<p>Un \u00e1rbol vive su vida en el bosque. Cae cuando llega su tiempo; lo vence el viento, los a\u00f1os, los peque\u00f1os insectos que se alimentan de sus entra\u00f1as. Cae y ofrece sus restos a la tierra, sus ramas, sus hojas, su tronco, los que vuelven a fundirse con el suelo vegetal del bosque h\u00famedo. Nueva [&hellip;]<\/p>\n","protected":false},"author":1,"featured_media":2542,"comment_status":"open","ping_status":"open","sticky":false,"template":"","format":"standard","meta":{"site-container-style":"default","site-container-layout":"default","site-sidebar-layout":"default","disable-article-header":"default","disable-site-header":"default","disable-site-footer":"default","disable-content-area-spacing":"default","ngg_post_thumbnail":0,"_joinchat":[],"footnotes":""},"categories":[16],"tags":[83,199],"class_list":["post-2077","post","type-post","status-publish","format-standard","has-post-thumbnail","hentry","category-vivir-consciente","tag-el-ciclo-de-la-vida","tag-vivir-consciente"],"_links":{"self":[{"href":"https:\/\/zocalo.cl\/enamoralaverdad\/wp-json\/wp\/v2\/posts\/2077","targetHints":{"allow":["GET"]}}],"collection":[{"href":"https:\/\/zocalo.cl\/enamoralaverdad\/wp-json\/wp\/v2\/posts"}],"about":[{"href":"https:\/\/zocalo.cl\/enamoralaverdad\/wp-json\/wp\/v2\/types\/post"}],"author":[{"embeddable":true,"href":"https:\/\/zocalo.cl\/enamoralaverdad\/wp-json\/wp\/v2\/users\/1"}],"replies":[{"embeddable":true,"href":"https:\/\/zocalo.cl\/enamoralaverdad\/wp-json\/wp\/v2\/comments?post=2077"}],"version-history":[{"count":0,"href":"https:\/\/zocalo.cl\/enamoralaverdad\/wp-json\/wp\/v2\/posts\/2077\/revisions"}],"wp:featuredmedia":[{"embeddable":true,"href":"https:\/\/zocalo.cl\/enamoralaverdad\/wp-json\/wp\/v2\/media\/2542"}],"wp:attachment":[{"href":"https:\/\/zocalo.cl\/enamoralaverdad\/wp-json\/wp\/v2\/media?parent=2077"}],"wp:term":[{"taxonomy":"category","embeddable":true,"href":"https:\/\/zocalo.cl\/enamoralaverdad\/wp-json\/wp\/v2\/categories?post=2077"},{"taxonomy":"post_tag","embeddable":true,"href":"https:\/\/zocalo.cl\/enamoralaverdad\/wp-json\/wp\/v2\/tags?post=2077"}],"curies":[{"name":"wp","href":"https:\/\/api.w.org\/{rel}","templated":true}]}}