{"id":2206,"date":"2016-04-26T13:24:28","date_gmt":"2016-04-26T16:24:28","guid":{"rendered":"http:\/\/www.zocalo.cl\/brujita\/?p=2206"},"modified":"2024-04-26T13:02:43","modified_gmt":"2024-04-26T17:02:43","slug":"10-anos-atendiendo","status":"publish","type":"post","link":"https:\/\/zocalo.cl\/enamoralaverdad\/10-anos-atendiendo\/","title":{"rendered":"10 a\u00f1os atendiendo\u2026"},"content":{"rendered":"<p>Un 26 de abril del 2006 tuve mi primera paciente agendada en mi consulta. Desde esa fecha he atendido continuamente, con las pausas necesarias de vacaciones y salidas varias, para descansar la mente, el cuerpo y el alma.<\/p>\n<p>Van casi 12 a\u00f1os desde mi primer curso de sanaci\u00f3n con Harold Moskovitz, comenzado en una fecha sensible para mi historia personal. Sigo sinti\u00e9ndome profundamente agradecida de su gu\u00eda y contenci\u00f3n durante 4 a\u00f1os de cursos y ayudant\u00edas. Nos dio una base firme en la que sustentar el aprendizaje posterior, nos dej\u00f3 libres para llegar a la plenitud escogida por cada esp\u00edritu.<br \/>\nApenas dos d\u00edas despu\u00e9s de ese primer fin de semana intenso de curso, me puse a probar lo aprendido\u2026 y, oh maravilla,\u00a1 me result\u00f3 tan f\u00e1cil! Pude identificar los chakras con las manos en las primeras terapias que hice, empec\u00e9 a sentir se\u00f1ales distintas seg\u00fan los dolores y afecciones de la persona que recib\u00eda la sanaci\u00f3n.<\/p>\n<p>Unos meses despu\u00e9s empec\u00e9 con el diplomado de clarividencia, que durar\u00eda algo m\u00e1s de un a\u00f1o. Al tomarlo, me hice la sagrada promesa de abrir una consulta al terminar el curso. Durante todo ese tiempo cont\u00e9 con el genial apoyo de mi entonces marido Claudio, quien sol\u00eda preguntarme qu\u00e9 ve\u00eda con mis ojos nuevos\u2026 todo ese tiempo fue un viraje gigantesco en la forma de percibir y vivir la vida. Y ahora me doy cuenta que fue apenas el comienzo de un cambio de paradigma de vida. Tambi\u00e9n, agradezco de coraz\u00f3n su apoyo y confianza de esos primeros a\u00f1os. La Vida y mis cambios internos separaron nuestros caminos un tiempo despu\u00e9s.<\/p>\n<p>Se sucedieron varios cursos m\u00e1s de sanaci\u00f3n con Harold, y mes tras mes las sesiones del diplomado de clarividencia. Si repaso lo aprendido entonces, veo que fue una base neutral que me permiti\u00f3 escoger con claridad a otros maestros y otros caminos de sanaci\u00f3n. Harold nos ense\u00f1\u00f3 a no depender de gur\u00fa alguno, a no confiar en quienes te absorben, en quienes generan dependencia y coartan el libre albedr\u00edo del aprendiz. Nos gui\u00f3 a mirar con atenci\u00f3n toda clase de mitos, ritos, mantras\u2026 invit\u00e1ndonos a dejarnos guiar por el instinto m\u00e1s puro.<\/p>\n<p>Casi terminando el diplomado lleg\u00f3 la hora de cumplir mi promesa, y junto a una compa\u00f1era de cursos de sanaci\u00f3n buscamos una oficina en \u00d1u\u00f1oa. La Vida me regal\u00f3 un lugar m\u00e1gico, a trav\u00e9s de una querida amiga, y cerquita de mi casa\u2026 es el delicioso rinc\u00f3n en que sigo atendiendo, en una tranquila calle de \u00d1u\u00f1oa.<br \/>\nLo encontr\u00e9 por el mes de abril, mes de tantos eventos importantes en mi vida\u2026 empec\u00e9 haciendo sanaciones y retomando las lecturas de tarot, aprendizaje de 15 a\u00f1os antes. Al poco andar me di cuenta que el camino no ser\u00eda compartido, ten\u00eda que trabajar sola.<\/p>\n<figure id=\"attachment_2207\" aria-describedby=\"caption-attachment-2207\" style=\"width: 300px\" class=\"wp-caption alignright\"><img loading=\"lazy\" decoding=\"async\" class=\"wp-image-2207 size-medium\" src=\"http:\/\/www.zocalo.cl\/brujita\/wp-content\/uploads\/2016\/04\/consulta-300x200.jpg\" alt=\"consulta\" width=\"300\" height=\"200\" srcset=\"https:\/\/zocalo.cl\/enamoralaverdad\/wp-content\/uploads\/2016\/04\/consulta-300x200.jpg 300w, https:\/\/zocalo.cl\/enamoralaverdad\/wp-content\/uploads\/2016\/04\/consulta-768x512.jpg 768w, https:\/\/zocalo.cl\/enamoralaverdad\/wp-content\/uploads\/2016\/04\/consulta.jpg 850w\" sizes=\"auto, (max-width: 300px) 100vw, 300px\" \/><figcaption id=\"caption-attachment-2207\" class=\"wp-caption-text\">Mi consulta.<\/figcaption><\/figure>\n<p>Con la consulta ya lista, pintada, con muebles y algo de decoraci\u00f3n, envi\u00e9 un mail masivo a mis contactos, anunciando mi nueva actividad. Tambi\u00e9n lo publiqu\u00e9 en mi web. Y as\u00ed empezaron a llegar los pacientes, uno tras otro\u2026 y aprend\u00ed que pod\u00eda sustentarme con este nuevo oficio.<br \/>\nSe sucedieron algunos cursos de sanaci\u00f3n que me faltaban, otro curso nuevo con Harold&nbsp;y&nbsp;luego las ayudant\u00edas. Fue un tiempo en que pude compartir mis primeras experiencias de terapeuta con \u00e9l, pude recibir su gu\u00eda en casos espec\u00edficos que me quedaban grandes en mis inicios. Por esos d\u00edas segu\u00eda fielmente el m\u00e9todo aprendido con \u00e9l: paciente sentado en una silla, limpiar aura y chakras en un determinado orden- quitando las emociones negativas, limpiando im\u00e1genes, poniendo luz, sellando el aura. Esa era la t\u00e9cnica de base aprendida.<\/p>\n<p>Paciente tras paciente fui desarrollando la intuici\u00f3n, aprendiendo a confiar en las corazonadas, en las palabras sopladas al o\u00eddo, en las im\u00e1genes y pel\u00edculas presenciadas en el aura del otro, fui adquiriendo experiencia. No recuerdo en qu\u00e9 momento fue que me di cuenta de cuan profundamente feliz me hace el ser testigo una y otra vez del despertar de las personas. S\u00f3lo s\u00e9 que miro hacia atr\u00e1s, y llevo a\u00f1os sinti\u00e9ndome plena en este oficio.<\/p>\n<p>Por ah\u00ed hice una que otra incursi\u00f3n en otras t\u00e9cnicas de sanaci\u00f3n, pero ninguna me hizo sentido. Fue en el 2011 que llegu\u00e9 a Sat Nam Rasayan, con Ravi Kaur. Ella fue mi primera profesora de la t\u00e9cnica.<br \/>\nYa ven\u00eda de un despertar a la sensibilidad cotidiana con todo y hacia todo, gracias al reencuentro en esta vida con un compa\u00f1ero de locuras energ\u00e9ticas en&nbsp;encarnaciones anteriores. Tambi\u00e9n le agradezco el regalo de aprender a sentir plantas, animales, rocas, cerros\u2026 a la manera de los pieles rojas. De esa \u00e9poca que despert\u00e9 una sensibilidad particular a las flores, a las esencias y terapias florales.<\/p>\n<p>Y como dec\u00eda, el 2011 me top\u00e9 con Sat Nam Rasayan, que me hizo un sentido enorme en las entra\u00f1as. Esta t\u00e9cnica ven\u00eda de la mano de la meditaci\u00f3n profunda. Me reson\u00f3 fuerte el soltar el juicio, y aprender que el secreto de la felicidad es permitir, abandonarse, rendirse a la Vida, dejar de luchar.<br \/>\nHice 2 cursos con Ravi, y luego con los maestros de la t\u00e9cnica: Guru Dev y Ambrosio Espinosa. He tomado 3 cursos con el primero, 4 con el segundo. La meditaci\u00f3n se col\u00f3 en mi vida\u2026 y se qued\u00f3.<br \/>\nY por ah\u00ed por el 2012 lentamente me fui cambiando de la t\u00e9cnica de Harold a esta nueva, que sent\u00ed mucho m\u00e1s amable, calma y profunda. Con la gu\u00eda de Ambrosio, paso a paso pude integrar todo mi conocimiento y experiencia de ver el aura, con el sentir f\u00edsico que se me despert\u00f3. Ahora puedo navegar dentro de la conciencia del paciente como aprend\u00ed con Harold o sintiendo f\u00edsicamente, y liberar con la t\u00e9cnica meditativa. Ya van casi 4 a\u00f1os atendiendo as\u00ed, por lo que la meditaci\u00f3n se me ha hecho una forma de vida&#8230; y tambi\u00e9n se me extendi\u00f3 a la vida cotidiana. El resultado ha sido que la calma interna ha llegado por fin.<\/p>\n<p>Si miro hacia atr\u00e1s\u2026 reflexiono que en mis a\u00f1os previos no habr\u00eda imaginado convertirme en una \u201cvidente\u201d. No imaginaba que atender\u00eda pacientes, ni menos sospechaba la habilidad que tengo para desatar nudos dentro de las personas; sanadora de alma, me dicen mis profesores. Me observo\u2026 y me agradezco haberme entregado&nbsp;a esa compulsi\u00f3n de buscar y buscar explicaciones profundas de la vida.<\/p>\n<p>Por ah\u00ed por el 2012 tambi\u00e9n me lleg\u00f3 <a href=\"https:\/\/www.adyashanti.org\/\" target=\"_blank\" rel=\"noopener noreferrer\">Adyashanti<\/a> a la vida. El trabajo con \u00e9l es m\u00e1s personal, pero ha sido un complemento maravilloso con Sat Nam Rasayan, pues la suma ha contribuido a que la compasi\u00f3n anta\u00f1o oculta dentro de mi coraz\u00f3n ha empezado a brotar\u2026<br \/>\nPor ah\u00ed tambi\u00e9n me top\u00e9 con las constelaciones familiares, que me ha resultado un conocimiento \u00fatil para traducir lo que llevo a\u00f1os percibiendo en el aura: las marcas de la historia familiar ancestral.<\/p>\n<p>Leyendo y aplicando las ense\u00f1anzas de Adyashanti, me di cuenta que mi camino tiene que ver con el Zen. Mi pulsi\u00f3n es llegar a experimentar la unidad, la no divisi\u00f3n, la manera en que perciben gatos, osos, hormigas, \u00e1rboles\u2026 los humanos somos los \u00fanicos habitantes de este planeta que percibimos de manera separada, que no nos damos cuenta que somos una sola red de energ\u00eda y conciencia.<\/p>\n<p>Van 28 a\u00f1os de camino en torno al desarrollo de la conciencia. Los \u00faltimos 10 han sido un caminar compartido, con el regalo de observar y percibir tanta conciencia, tanta historia, tanta magia de la vida, en aquellos que acuden a mi consulta. Ser testigo de tanta vivencia me ha ido legando una percepci\u00f3n&nbsp;serena de la vida. Mi propia compulsi\u00f3n hacia el despertar espiritual le muestra el camino a otros. Es lo que recib\u00ed de mis profesores, el ejemplo de su camino recorrido. Es lo que doy a otros. Y cada vez de una manera m\u00e1s compasiva, sin juicios.<\/p>\n<p>10 a\u00f1os atendiendo\u2026 creo que hago alrededor de 1000 sesiones al a\u00f1o\u2026 no s\u00e9 a cuantas personas he atendido. Algunas de las que atend\u00ed en esos primeros d\u00edas del 2006 se convirtieron en amistades \u201cbrujis\u201d. Algunas vuelven despu\u00e9s de a\u00f1os y me cuentan cu\u00e1nto les ha cambiado la vida. Otras me recomiendan a conocidos\u2026 otras me traen a sus hijos, a su familia extendida&#8230; otras se van enojadas\u2026 y vuelven un tiempo despu\u00e9s, porque lo que les dije se hizo realidad.<\/p>\n<figure id=\"attachment_2208\" aria-describedby=\"caption-attachment-2208\" style=\"width: 300px\" class=\"wp-caption alignleft\"><img loading=\"lazy\" decoding=\"async\" class=\"wp-image-2208 size-medium\" src=\"http:\/\/www.zocalo.cl\/brujita\/wp-content\/uploads\/2016\/04\/snr-300x200.jpg\" alt=\"snr\" width=\"300\" height=\"200\" srcset=\"https:\/\/zocalo.cl\/enamoralaverdad\/wp-content\/uploads\/2016\/04\/snr-300x200.jpg 300w, https:\/\/zocalo.cl\/enamoralaverdad\/wp-content\/uploads\/2016\/04\/snr-768x512.jpg 768w, https:\/\/zocalo.cl\/enamoralaverdad\/wp-content\/uploads\/2016\/04\/snr.jpg 850w\" sizes=\"auto, (max-width: 300px) 100vw, 300px\" \/><figcaption id=\"caption-attachment-2208\" class=\"wp-caption-text\">Sanando.<\/figcaption><\/figure>\n<p>Algunas personas se abrieron a vivir milagros de sanaci\u00f3n como sanar un c\u00e1ncer terminal -mi propio padre- y otras decidieron tomar la sanaci\u00f3n para partir en paz al otro lado. He visto personas salir de depresiones de la vida, de relaciones tormentosas de d\u00e9cadas&#8230; vivir procesos de separaci\u00f3n de manera calma&#8230; he presenciado muchas historias de acortar o alivianar procesos de enfermedades complejas. Otras aceptaron y abrazaron su enfermedad, tras la comprensi\u00f3n de su origen. He visto dejar ir actitudes de la vida, tras integrar&nbsp;la historia de alg\u00fan ancestro&#8230; encontrar el camino de la vida&#8230; tanta historia personal, tanto milagro en 10 a\u00f1os.<\/p>\n<p>Sea que la persona pida lectura de tarot, le prepare esencias florales, conversemos, pida lectura de aura\u2026 recibe una invitaci\u00f3n a vivir de manera m\u00e1s consciente. Muchos que vienen a mi consulta la toman, y emprenden un viaje sin regreso hacia una vida m\u00e1s sana.<br \/>\nLa magia de las sanaciones radica en que uno comienza a cuidarse por primera vez en la vida, surge la capacidad de tomar decisiones m\u00e1s sanas, de escuchar el instinto. Mente, coraz\u00f3n e instinto comienzan por fin a trabajar juntos en pos de nuestro bienestar profundo.<\/p>\n<p>Humildemente pido disculpas por los errores cometidos, y agradezco de coraz\u00f3n a todos los que me han acompa\u00f1ado en este camino y que ya no est\u00e1n\u2026 todo es perfecto tal cual ocurri\u00f3. Agradezco a quienes est\u00e1n hoy en mi vida;&nbsp;y en particular a mi calmo compa\u00f1ero y su peque\u00f1o gran hijo, les doy las gracias de coraz\u00f3n por el compartir y el amar.<\/p>\n<p>Soy feliz atendiendo personas, presenciando historias, admirando el milagro de la vida en cada peque\u00f1o detalle cotidiano, aliviando el sufrimiento. Soy feliz presenciando de manera consciente el despertar; la luz invadiendo una consciencia&nbsp;y&nbsp;develando las temidas zonas oscuras&nbsp;-que resultan ser menos temibles al hacerlas conscientes, al observarlas con amor. Soy feliz regalando el secreto de la chispa divina, de la compasi\u00f3n y sabidur\u00eda propias de todo coraz\u00f3n.<\/p>\n<p>Namast\u00e9!<\/p>\n","protected":false},"excerpt":{"rendered":"<p>Un 26 de abril del 2006 tuve mi primera paciente agendada en mi consulta. Desde esa fecha he atendido continuamente, con las pausas necesarias de vacaciones y salidas varias, para descansar la mente, el cuerpo y el alma. Van casi 12 a\u00f1os desde mi primer curso de sanaci\u00f3n con Harold Moskovitz, comenzado en una fecha [&hellip;]<\/p>\n","protected":false},"author":1,"featured_media":2210,"comment_status":"open","ping_status":"open","sticky":false,"template":"","format":"standard","meta":{"site-container-style":"default","site-container-layout":"default","site-sidebar-layout":"default","disable-article-header":"default","disable-site-header":"default","disable-site-footer":"default","disable-content-area-spacing":"default","ngg_post_thumbnail":0,"_joinchat":[],"footnotes":""},"categories":[8,12,14,16],"tags":[160,161,162,200],"class_list":["post-2206","post","type-post","status-publish","format-standard","has-post-thumbnail","hentry","category-memorias","category-reflejos-interiores","category-terapias-energeticas","category-vivir-consciente","tag-sanacion","tag-sanaciones","tag-sat-nam-rasayan","tag-vivir-mejor"],"_links":{"self":[{"href":"https:\/\/zocalo.cl\/enamoralaverdad\/wp-json\/wp\/v2\/posts\/2206","targetHints":{"allow":["GET"]}}],"collection":[{"href":"https:\/\/zocalo.cl\/enamoralaverdad\/wp-json\/wp\/v2\/posts"}],"about":[{"href":"https:\/\/zocalo.cl\/enamoralaverdad\/wp-json\/wp\/v2\/types\/post"}],"author":[{"embeddable":true,"href":"https:\/\/zocalo.cl\/enamoralaverdad\/wp-json\/wp\/v2\/users\/1"}],"replies":[{"embeddable":true,"href":"https:\/\/zocalo.cl\/enamoralaverdad\/wp-json\/wp\/v2\/comments?post=2206"}],"version-history":[{"count":0,"href":"https:\/\/zocalo.cl\/enamoralaverdad\/wp-json\/wp\/v2\/posts\/2206\/revisions"}],"wp:featuredmedia":[{"embeddable":true,"href":"https:\/\/zocalo.cl\/enamoralaverdad\/wp-json\/wp\/v2\/media\/2210"}],"wp:attachment":[{"href":"https:\/\/zocalo.cl\/enamoralaverdad\/wp-json\/wp\/v2\/media?parent=2206"}],"wp:term":[{"taxonomy":"category","embeddable":true,"href":"https:\/\/zocalo.cl\/enamoralaverdad\/wp-json\/wp\/v2\/categories?post=2206"},{"taxonomy":"post_tag","embeddable":true,"href":"https:\/\/zocalo.cl\/enamoralaverdad\/wp-json\/wp\/v2\/tags?post=2206"}],"curies":[{"name":"wp","href":"https:\/\/api.w.org\/{rel}","templated":true}]}}