{"id":2254,"date":"2016-06-14T14:59:59","date_gmt":"2016-06-14T17:59:59","guid":{"rendered":"http:\/\/www.zocalo.cl\/brujita\/?p=2254"},"modified":"2020-08-23T22:53:53","modified_gmt":"2020-08-24T02:53:53","slug":"fechas-y-ciclos","status":"publish","type":"post","link":"https:\/\/zocalo.cl\/enamoralaverdad\/fechas-y-ciclos\/","title":{"rendered":"Fechas y ciclos"},"content":{"rendered":"<p>Desde que me encontr\u00e9 con mi calmo compa\u00f1ero que ando d\u00e1ndole vueltas a las fechas repetitivas de la vida. Esto porque \u00e9l me replic\u00f3 varias fechas personales. Anot\u00e9 entonces que tengo una acumulaci\u00f3n de fechas en abril y septiembre.&nbsp;Tengo casi 20 fechas en el mes de abril y 15 en septiembre. En los otros meses, tengo 4 o 5, acumuladas en torno a un n\u00famero.<\/p>\n<p>A ra\u00edz de esto me puse a estudiar de constelaciones familiares, y hace poco me lleg\u00f3 lo de los <a href=\"https:\/\/zocalo.cl\/enamoralaverdad\/como-elaborar-e-interpretar-tu-arbol-transgeneracional\/\" target=\"_blank\" rel=\"noopener noreferrer\">\u00e1rboles transgeneracionales<\/a>. As\u00ed que me puse manos a la obra, hice mi \u00e1rbol familiar, con nombres y fechas importantes: nacimientos, muertes, matrimonios, divorcios, accidentes, cambios de casa, inicio y t\u00e9rmino de relaciones, etc.<\/p>\n<p>Haciendo una lista de fechas, me va quedando claro que somos totalmente c\u00edclicos. Facebook me ha ayudado mucho en esta observaci\u00f3n, con su aplicaci\u00f3n de los recuerdos: repetimos d\u00edas con problemas en casa, con peleas, o con momentos agradables; observaciones sobre el clima \u2013s\u00ed, se repiten los d\u00edas fr\u00edos, los d\u00edas con arreboles- y reuniones con ciertas personas.<br \/>\nTambi\u00e9n me he dado cuenta cuan sensibles nos ponemos en fechas de aniversarios de muerte de nuestros seres queridos. Por esto mismo, opt\u00e9 por anotar en el calendario de la casa las fechas importantes de los 3, para estar atentos a bajones, mochas o reacciones fuertes.<\/p>\n<p><img loading=\"lazy\" decoding=\"async\" class=\"size-medium wp-image-2255 alignleft\" src=\"http:\/\/www.zocalo.cl\/brujita\/\/wp-content\/uploads\/2016\/06\/calendario1-300x187.jpg\" alt=\"\" width=\"300\" height=\"187\" srcset=\"https:\/\/zocalo.cl\/enamoralaverdad\/wp-content\/uploads\/2016\/06\/calendario1-300x187.jpg 300w, https:\/\/zocalo.cl\/enamoralaverdad\/wp-content\/uploads\/2016\/06\/calendario1.jpg 562w\" sizes=\"auto, (max-width: 300px) 100vw, 300px\" \/><\/p>\n<p>Ahora, cuando llega un paciente a mi consulta, presto mucha atenci\u00f3n a las fechas y ciclos familiares. Suele suceder que si una persona repentinamente entra en p\u00e1nico por quedar en bancarrota, es porque alg\u00fan ancestro vivi\u00f3 esa experiencia a la misma edad. O una mujer que se dice que ya puede morir porque lleg\u00f3 a la edad en muri\u00f3 su madre, y muere.<br \/>\nSi llega alguien en crisis emocional, busco en su aura y llego a im\u00e1genes de alguna crisis o p\u00e9rdida familiar. Me han llegado historias como un incendio de una casa en una fecha de aniversario de la muerte de una hija. Enfermedades que comienzan en el aniversario de la muerte de un padre. Pesadillas o crisis de p\u00e1nico en la fecha de aniversario de un accidente. Relaciones de pareja que no funcionan porque comienzan en la fecha del matrimonio de los padres que termin\u00f3 en divorcio. Crisis de p\u00e1nicos en d\u00edas de una p\u00e9rdida de un beb\u00e9\u2026 o alguna enfermedad aparece justo en esos d\u00edas. Perdemos un beb\u00e9 por replicar la historia de la madre o abuela materna. Personas que se suicidan siguiendo a alg\u00fan otro suicida. Personas con depresi\u00f3n end\u00f3gena e intenstos suicidas que siguen un patr\u00f3n muy claro de fechas de crisis&#8230; hasta escuchan la voz de su ancestro dici\u00e9ndoles que se suiciden&#8230;<\/p>\n<p>Con Harold hab\u00eda aprendido cu\u00e1nta energ\u00eda de nuestros padres y ancestros llevamos en al aura\u2026 pero ahora lo he ido sistematizando. El sol\u00eda decir que la mayor parte de nuestros problemas de adultos ven\u00edan de las ense\u00f1anzas de nuestros padres. Pues con la experiencia actual, creo que el 90 a 95% se originan en nuestros linajes.<br \/>\nTanto as\u00ed, que nuestro esp\u00edritu elige fechas familiares para encarnar, elige nombres ya usados en nuestros ancestros; profesiones y caminos de vida similares. Parejas que replican temas de nuestros ancestros, y que vienen de \u00e1rboles con fechas similares.<br \/>\nReplicamos fechas de accidentes, de enfermedades, de titulaci\u00f3n y otras cosas de nuestros ancestros.<\/p>\n<p>Revisando mis fechas, hasta los cursos m\u00e1s removedores para mi consciencia \u2013 los de Harold, Ambrosio y Adyashanti- comenzaron y terminaron en fechas sensibles para m\u00ed: nacimiento de mi hermana enferma, nacimiento de mi padre, fecha en que cay\u00f3 detenido mi padre tras el golpe militar, cumplea\u00f1os de mi hermano. He recogido gatos en fechas sensibles, y se han ido de este mundo siguiendo mi calendario familiar. D\u00ed mi examen de t\u00edtulo el 4 de septiembre, d\u00eda en que falleci\u00f3 mi abuela paterna, y el d\u00eda 5 era el aniversario de matrimonio de mis padres; y recib\u00ed mi t\u00edtulo universitario en abril, el otro mes en que tengo acumulaci\u00f3n de fechas sensibles.<\/p>\n<p>Hacer el listado de fechas nos ayuda a hacer consciente la herencia familiar, y nos ayuda a entender estados de \u00e1nimo, enfermedades, accidentes. Como decimos en buen chileno, \u2018caen hartas tejas\u2019\u2026 o como dijo una brujis amiga: \u2018me cay\u00f3 un tejado completo encima\u2019.<\/p>\n<p>La herencia de los ancestros es tan fuerte, que puede que resonemos con fechas que ni siquiera conocemos. Por eso&nbsp;es necesario hacerlo en compa\u00f1\u00eda de los integrantes mayores de nuestra familia. As\u00ed iremos develando poco a poco el tejido del que estamos hechos.<\/p>\n<p>La maravilla de hacer consciente toda esta herencia, es que nos permite liberar con amor esos contratos y ese legado emocional traum\u00e1tico, permiti\u00e9ndonos vivir nuestra propia vida libremente.<\/p>\n<p>Y s\u00ed\u2026 escribo esto cerquita de la fecha de nacimiento de mi madre y mi abuela paterna.<\/p>\n<p>Namast\u00e9!<\/p>\n<p>&nbsp;<\/p>\n","protected":false},"excerpt":{"rendered":"<p>Desde que me encontr\u00e9 con mi calmo compa\u00f1ero que ando d\u00e1ndole vueltas a las fechas repetitivas de la vida. Esto porque \u00e9l me replic\u00f3 varias fechas personales. Anot\u00e9 entonces que tengo una acumulaci\u00f3n de fechas en abril y septiembre.&nbsp;Tengo casi 20 fechas en el mes de abril y 15 en septiembre. En los otros meses, [&hellip;]<\/p>\n","protected":false},"author":1,"featured_media":2257,"comment_status":"open","ping_status":"open","sticky":false,"template":"","format":"standard","meta":{"site-container-style":"default","site-container-layout":"default","site-sidebar-layout":"default","disable-article-header":"default","disable-site-header":"default","disable-site-footer":"default","disable-content-area-spacing":"default","ngg_post_thumbnail":0,"_joinchat":[],"footnotes":""},"categories":[2,8,12,14,16],"tags":[32,70,199],"class_list":["post-2254","post","type-post","status-publish","format-standard","has-post-thumbnail","hentry","category-ancestros","category-memorias","category-reflejos-interiores","category-terapias-energeticas","category-vivir-consciente","tag-arbol-transgeneracional","tag-constelaciones-familiares","tag-vivir-consciente"],"_links":{"self":[{"href":"https:\/\/zocalo.cl\/enamoralaverdad\/wp-json\/wp\/v2\/posts\/2254","targetHints":{"allow":["GET"]}}],"collection":[{"href":"https:\/\/zocalo.cl\/enamoralaverdad\/wp-json\/wp\/v2\/posts"}],"about":[{"href":"https:\/\/zocalo.cl\/enamoralaverdad\/wp-json\/wp\/v2\/types\/post"}],"author":[{"embeddable":true,"href":"https:\/\/zocalo.cl\/enamoralaverdad\/wp-json\/wp\/v2\/users\/1"}],"replies":[{"embeddable":true,"href":"https:\/\/zocalo.cl\/enamoralaverdad\/wp-json\/wp\/v2\/comments?post=2254"}],"version-history":[{"count":0,"href":"https:\/\/zocalo.cl\/enamoralaverdad\/wp-json\/wp\/v2\/posts\/2254\/revisions"}],"wp:featuredmedia":[{"embeddable":true,"href":"https:\/\/zocalo.cl\/enamoralaverdad\/wp-json\/wp\/v2\/media\/2257"}],"wp:attachment":[{"href":"https:\/\/zocalo.cl\/enamoralaverdad\/wp-json\/wp\/v2\/media?parent=2254"}],"wp:term":[{"taxonomy":"category","embeddable":true,"href":"https:\/\/zocalo.cl\/enamoralaverdad\/wp-json\/wp\/v2\/categories?post=2254"},{"taxonomy":"post_tag","embeddable":true,"href":"https:\/\/zocalo.cl\/enamoralaverdad\/wp-json\/wp\/v2\/tags?post=2254"}],"curies":[{"name":"wp","href":"https:\/\/api.w.org\/{rel}","templated":true}]}}