{"id":2262,"date":"2016-06-16T19:11:36","date_gmt":"2016-06-16T22:11:36","guid":{"rendered":"http:\/\/www.zocalo.cl\/brujita\/?p=2262"},"modified":"2016-06-16T19:11:36","modified_gmt":"2016-06-16T22:11:36","slug":"por-que-se-enferman-los-ninos","status":"publish","type":"post","link":"https:\/\/zocalo.cl\/enamoralaverdad\/por-que-se-enferman-los-ninos\/","title":{"rendered":"\u00bfPor qu\u00e9 se enferman los ni\u00f1os? (menores de 7 a\u00f1os)"},"content":{"rendered":"<p><img loading=\"lazy\" decoding=\"async\" class=\"size-medium wp-image-2263 alignleft\" src=\"http:\/\/www.zocalo.cl\/brujita\/\/wp-content\/uploads\/2016\/06\/179252395_wide-300x208.jpg\" alt=\"\" width=\"300\" height=\"208\" srcset=\"https:\/\/zocalo.cl\/enamoralaverdad\/wp-content\/uploads\/2016\/06\/179252395_wide-300x208.jpg 300w, https:\/\/zocalo.cl\/enamoralaverdad\/wp-content\/uploads\/2016\/06\/179252395_wide.jpg 469w\" sizes=\"auto, (max-width: 300px) 100vw, 300px\" \/>Hace a\u00f1os que descubr\u00ed y aprend\u00ed por qu\u00e9 se enferman los ni\u00f1os. Por los meses que estuve en curso de clarividencia, tuve contacto con much\u00edsimos beb\u00e9s y padres primerizos, a quienes segu\u00ed por a\u00f1os, algunos hasta hoy.<\/p>\n<p>Aprend\u00ed de esto observando c\u00f3mo se inquietaban los ni\u00f1os en brazos de alguien enojado, triste, asustado. De tanto observarlos, un d\u00eda que tom\u00e9 una peque\u00f1a de 4 meses a la que reci\u00e9n conoc\u00eda, ella se puso a llorar apenas me mir\u00f3\u2026 r\u00e1pidamente entend\u00ed que no le gust\u00f3 lo que yo ten\u00eda en mi aura: al otro d\u00eda me tocaba ir a visitar y limpiar un lugar con historia muy dura, de esas de detenidos desaparecidos. Y por mis propias viviencias, era algo que me alborotaba profundamente.<br \/>\nComo la peque\u00f1a se puso a llorar desconsoladamente\u2026 se me ocurri\u00f3 mirarla directo a sus ojos y decirle que eso que ve\u00eda y sent\u00eda no era de ella, que era m\u00edo. Y me puse a imaginar globos y estrellas y arco iris\u2026 ella mir\u00f3 por sobre mi cabeza, dej\u00f3 de llorar y empez\u00f3 a re\u00edr.<br \/>\nHice esto muchas veces con muchos ni\u00f1os. Incluso una vez jugu\u00e9 con un peque\u00f1o de 5 meses muy perceptivo: imagin\u00e9 ramos de globos movi\u00e9ndose alrededor de mi cabeza\u2026 y el peque\u00f1o sigui\u00f3 el movimiento riendo\u2026!<br \/>\nAs\u00ed fui aprendiendo cu\u00e1nto perciben los peque\u00f1os.<\/p>\n<p>Un ni\u00f1o vive dentro del aura de la madre y el padre hasta los 7 a\u00f1os, por lo tanto todo lo que le sucede a ellos, todo lo que sienten, afecta directamente al ni\u00f1o.<br \/>\nUn ni\u00f1o ve y percibe energ\u00edas que los adultos no ven. Si los pap\u00e1s est\u00e1n tristes o rabiosos, o miedosos, \u00e9l lo ve en el color del aura, lo entiende, lo siente, lo sabe. Y entonces le pregunta a la madre o padre si est\u00e1 triste, o lo que sea.<br \/>\nLo que normalmente hace un adulto es negar que est\u00e1 triste para que el ni\u00f1o supuestamente no se de cuenta, pero como el ni\u00f1o est\u00e1 dentro del sistema energ\u00e9tico de los padres, no hay manera que no le afecte.<br \/>\nSi el padre que pasa m\u00e1s tiempo con el ni\u00f1o se entristece por algo y no lo asume ni acepta, el ni\u00f1o se resfriar\u00e1. Si los pap\u00e1s tienen rabia no asumida, puede que se enferme del est\u00f3mago o le de alguna alergia tipo urticaria. Si los pap\u00e1s tienen miedo no asumido, puede tener afecciones como alergias. Si la madre tiene rabia hacia el padre, una ni\u00f1a puede generar una infecci\u00f3n urinaria\u2026 y as\u00ed.<br \/>\nSi la mam\u00e1 anda triste, frustrada, rabiosa, miedosa, etc&#8230; y no vive conscientemente sus emociones puede que el peque\u00f1o rechace estar cerca de la madre, incluso puede que rechace el pecho con leche.<\/p>\n<p>Entonces\u2026 qu\u00e9 podemos&nbsp;hacer?<br \/>\nAlgo que he probado harto con varios beb\u00e9s de aqu\u00ed es que se le diga al ni\u00f1o: \u201chijo estoy triste por esto y esto otro, pero es MI tristeza\u201d.<br \/>\nEstoy asustad@ por esto&#8230; pero es MI miedo. Si adem\u00e1s se imaginan una luz rosada que los envuelve a todos, alivia a\u00fan m\u00e1s la situaci\u00f3n.<\/p>\n<p>Reconocer antes los ni\u00f1os las propias emociones produce dos cosas: una es que el ni\u00f1o sabr\u00e1 que eventualmente puede estar triste, pues los pap\u00e1s se lo permiten a s\u00ed mismos. Y lo segundo es que el ni\u00f1o entiende que puede sentir otra emoci\u00f3n, independiente de lo que sienten los pap\u00e1s.<\/p>\n<p>Algo importante que he aprendido con el correr de los a\u00f1os es que los ni\u00f1os no tienen problema alguno con ver a un adulto experimentando una emoci\u00f3n pura: rabia, tristeza, miedo, culpa, dolor. Lo que los asusta es ver a un adulto en conflicto con su propia emoci\u00f3n, luchar por taparla, por hacer como que no existe. El ni\u00f1o ve la emoci\u00f3n de fondo mezclada con culpa, que es gris, lo que da un resultado de una masa m\u00e1s oscura y densa\u2026 y eso s\u00ed que los complica.<br \/>\nSi uno como adulto aprende a <a href=\"http:\/\/www.zocalo.cl\/brujita\/?p=1536\" target=\"_blank\" rel=\"noopener noreferrer\">vivir sus emociones conscientemente<\/a>, le muestra a los hijos un camino de honestidad con uno mismo, y por sobre todo, rompemos el esquema en el que vivimos, casi sin permiso a expresar lo que sentimos.<\/p>\n<p>Lo que enferma a adultos y ni\u00f1os no es sentir las emociones, sino acumularlas, bloquearlas, taparlas. Este concepto ya se est\u00e1 haciendo masivo por las terapias florares y por el llamado \u201cProyecto Sentido\u201d. El ni\u00f1o espeja al adulto en todo lo que le ocurre, siente y oculta.<\/p>\n<p><em>(Las enfermedades graves que surgen al nacer y hasta antes de los 7 a\u00f1os son temas que vienen de otras vidas.)<\/em><\/p>\n<p>Entonces\u2026 el camino es reconocer y <a href=\"http:\/\/www.zocalo.cl\/brujita\/?p=1401\" target=\"_blank\" rel=\"noopener noreferrer\">vivir conscientemente lo que sentimos<\/a>.<\/p>\n<p>Namast\u00e9!<\/p>\n","protected":false},"excerpt":{"rendered":"<p>Hace a\u00f1os que descubr\u00ed y aprend\u00ed por qu\u00e9 se enferman los ni\u00f1os. Por los meses que estuve en curso de clarividencia, tuve contacto con much\u00edsimos beb\u00e9s y padres primerizos, a quienes segu\u00ed por a\u00f1os, algunos hasta hoy. Aprend\u00ed de esto observando c\u00f3mo se inquietaban los ni\u00f1os en brazos de alguien enojado, triste, asustado. De tanto [&hellip;]<\/p>\n","protected":false},"author":1,"featured_media":2265,"comment_status":"open","ping_status":"open","sticky":false,"template":"","format":"standard","meta":{"site-container-style":"default","site-container-layout":"default","site-sidebar-layout":"default","disable-article-header":"default","disable-site-header":"default","disable-site-footer":"default","disable-content-area-spacing":"default","ngg_post_thumbnail":0,"_joinchat":[],"footnotes":""},"categories":[6,14,16],"tags":[130,160,200],"class_list":["post-2262","post","type-post","status-publish","format-standard","has-post-thumbnail","hentry","category-los-ninos-de-hoy","category-terapias-energeticas","category-vivir-consciente","tag-ninos-psiquicos","tag-sanacion","tag-vivir-mejor"],"_links":{"self":[{"href":"https:\/\/zocalo.cl\/enamoralaverdad\/wp-json\/wp\/v2\/posts\/2262","targetHints":{"allow":["GET"]}}],"collection":[{"href":"https:\/\/zocalo.cl\/enamoralaverdad\/wp-json\/wp\/v2\/posts"}],"about":[{"href":"https:\/\/zocalo.cl\/enamoralaverdad\/wp-json\/wp\/v2\/types\/post"}],"author":[{"embeddable":true,"href":"https:\/\/zocalo.cl\/enamoralaverdad\/wp-json\/wp\/v2\/users\/1"}],"replies":[{"embeddable":true,"href":"https:\/\/zocalo.cl\/enamoralaverdad\/wp-json\/wp\/v2\/comments?post=2262"}],"version-history":[{"count":0,"href":"https:\/\/zocalo.cl\/enamoralaverdad\/wp-json\/wp\/v2\/posts\/2262\/revisions"}],"wp:featuredmedia":[{"embeddable":true,"href":"https:\/\/zocalo.cl\/enamoralaverdad\/wp-json\/wp\/v2\/media\/2265"}],"wp:attachment":[{"href":"https:\/\/zocalo.cl\/enamoralaverdad\/wp-json\/wp\/v2\/media?parent=2262"}],"wp:term":[{"taxonomy":"category","embeddable":true,"href":"https:\/\/zocalo.cl\/enamoralaverdad\/wp-json\/wp\/v2\/categories?post=2262"},{"taxonomy":"post_tag","embeddable":true,"href":"https:\/\/zocalo.cl\/enamoralaverdad\/wp-json\/wp\/v2\/tags?post=2262"}],"curies":[{"name":"wp","href":"https:\/\/api.w.org\/{rel}","templated":true}]}}