{"id":2347,"date":"2016-10-06T13:23:25","date_gmt":"2016-10-06T16:23:25","guid":{"rendered":"http:\/\/www.zocalo.cl\/brujita\/?p=2347"},"modified":"2025-10-01T19:27:50","modified_gmt":"2025-10-01T23:27:50","slug":"vidas-pasadas-ii","status":"publish","type":"post","link":"https:\/\/zocalo.cl\/enamoralaverdad\/vidas-pasadas-ii\/","title":{"rendered":"Vidas pasadas II"},"content":{"rendered":"<p>Hace mucho, mucho tiempo que no escrib\u00eda sobre <a href=\"http:\/\/www.zocalo.cl\/brujita\/?p=18\" target=\"_blank\" rel=\"noopener noreferrer\">vidas pasadas<\/a>. Tanto paseo por la vida de la mano de la meditaci\u00f3n, me ha cambiado bastante la mirada hacia este tema y experiencias.<\/p>\n<p>A ra\u00edz de la regresi\u00f3n de una colega amiga, en la que vio con todo detalle un emblema japon\u00e9s, estuvimos conversando sobre las vidas pasadas.<br \/>\nPor un tiempo busqu\u00e9 muuuucho, cada vez que conoc\u00eda a alguien, buscaba hacia atr\u00e1s. Me hac\u00eda las regresiones sola, con el audio del libro de Brian Weiss grabado en un casette. Todav\u00eda guardo el block donde escrib\u00ed cada sesi\u00f3n.<br \/>\nAs\u00ed descubr\u00ed vidas en com\u00fan con mis maestros (no he buscado con todos, pero seguro las hay). Con mis terapeutas, con amistades, y por supuesto la familia y parejas.<img loading=\"lazy\" decoding=\"async\" class=\"alignleft wp-image-2348 size-medium\" src=\"http:\/\/www.zocalo.cl\/brujita\/\/wp-content\/uploads\/2016\/10\/Se\u00f1ales-que-hablan-sobre-nuestras-vidas-pasadas-1-600x280-300x140.jpg\" alt=\"\" width=\"300\" height=\"140\"><\/p>\n<p>Me sucedi\u00f3 un par de veces en clases con Harold, de escucharlo y videntearlo mientras contaba historias de sus vidas anteriores: me vi y sent\u00ed dentro de la escena que \u00e9l estaba comentando. Mi aura y cuerpo reaccionaron a la historia y a la situaci\u00f3n\u2026 se lo coment\u00e9 en el momento, y \u00e9l ratific\u00f3 mi percepci\u00f3n.<br \/>\nCon Adyashanti, he tenido sensaciones v\u00edvidas un par de veces, sin buscarlas\u2026 como no lo he visto en persona a\u00fan, y a \u00e9l no le interesa el tema, dudo que pueda ratificarlo, jaja. \u00c9l dice no entender el tema, por eso prefiere no tocarlo en sus ense\u00f1anzas. Para m\u00ed fue fuerte verlo en visiones dentro de sanaciones o meditaciones, las que explicaron algo de lo que me remueve \u00e9l como maestro.<br \/>\nCon Ambrosio Espinosa no he buscado\u2026 en Sat Nam Rasayan dicen que uno llega a esta t\u00e9cnica porque se gan\u00f3 el privilegio a trav\u00e9s de varias vidas. No me gusta esta visi\u00f3n, pues la encuentro algo sectaria. Y si busco, seguro encuentro alg\u00fan recuerdo con mi maestro de sanaciones.<\/p>\n<p>Muchas veces he sentido que la mayor\u00eda de mis pacientes son personas que mat\u00e9 en otras vidas: una vez me lleg\u00f3 el flashazo con un beb\u00e9 de 6 meses que no par\u00f3 de llorar apenas entr\u00f3 a la consulta.<br \/>\nHe visto en hartas historias que es una manera r\u00e1pida de equilibrar karma&#8230; en vez de ir vida por vida&#8230; Si uno es terapeuta o ense\u00f1a, equilibra karma de una sola vez. Lo vi as\u00ed en mi profe gringo Harold. Tambi\u00e9n en Adyashanti. Mataron muchas personas en vidas pasadas, y al ense\u00f1ar equilibran miles de muertes en una encarnaci\u00f3n.<br \/>\nEn mi caso, s\u00e9 que tuve una vida t\u00f3xica de esquizofr\u00e9nico en la que mat\u00e9 miles de monjes budistas&#8230; creo estar equilibrando esas muertes, y otras tantas en las Cruzadas y Atl\u00e1ntida.<\/p>\n<p>Tambi\u00e9n he tenido experiencias tremendas de <a href=\"http:\/\/www.zocalo.cl\/brujita\/?p=1126\" target=\"_blank\" rel=\"noopener noreferrer\">reencuentros con personas de otras vidas<\/a>. Una de estas vidas me la corrobor\u00f3 Harold, y a\u00fan as\u00ed no la creo\u2026 el reencuentro fue a\u00f1os despu\u00e9s de la primera vez en que vi esa vida.<\/p>\n<p>A veces siento que no hay explicaci\u00f3n posible para todo esto&#8230; Suelo pensar que de tanto leer sobre determinados temas, uno se cuenta el cuento y se lo cree. Por ejemplo con historias como Lemuria, la Atl\u00e1ntida, los Anunnakis, las Cruzadas. Sobre los tres primeros no hay fuentes hist\u00f3ricas donde confirmar lo que uno ve, pero me llama la atenci\u00f3n la consistencia de las percepciones en todo aquel que tiene \u201crecuerdos\u201d de haber vivido ah\u00ed.<br \/>\nTengo de esas \u201cmemorias\u201d. Y en la caso de la Atl\u00e1ntida, son experiencias brutales que al \u201crevivirlas\u201d he quedado arrasada, destrozada, llorando a mares. Y ha sido m\u00e1s impactante a\u00fan cuando el recuerdo ha sido compartido con alguien actual. Un par de veces he terminado llorando abrazada con aquel compa\u00f1ero de recuerdo, hasta pidiendo perd\u00f3n por algo que ocurri\u00f3 hace eones.<br \/>\nMe ocurri\u00f3 lo mismo con Lemuria: cuando un compa\u00f1ero de clarividencia me ley\u00f3 una muerte en la mega inundaci\u00f3n. Yo no paraba de llorar, no entend\u00eda qu\u00e9 me ocurr\u00eda, y fue Harold quien me dijo que en esta vida me tocaba resolver esa muerte.<\/p>\n<p>Algunos \u00abrecuerdos\u00bb son tan fuertes, que en varias ocasiones me he puesto a hablar desde esa persona, tiempo y espacio. Ha sido muy fuerte, sobre todo en vidas donde ejerc\u00ed como bruja o maga. Cada vez que me ha ocurrido el hablar desde esa vida, me arrasan las emociones\u2026 y es tan extra\u00f1o estar en esta vida, en mi espacio conocido, mi casa, mi consulta, pero al mismo tiempo ver y sentir y experimentar algo de otro espacio tiempo.<\/p>\n<p>Pas\u00e9 por \u00e9pocas en que buscaba explicaciones de todo en vidas pasadas. Buscaba a mis nuevas amistades, profesores, terapeutas, a quien fuera. Pero cuando conoc\u00ed a mi compa\u00f1ero ya no lo busqu\u00e9. &nbsp;Ya ven\u00eda meditando un tiempo, y me estaba permeando a una percepci\u00f3n mucho m\u00e1s calma de la vida. Si busco, seguro encontrar\u00e9, pero esta vez siento que no es necesario ni me sirve. Eleg\u00ed vivir esta relaci\u00f3n a consciencia plena en el aqu\u00ed y el ahora.<\/p>\n<p>Ahora tengo una visi\u00f3n m\u00e1s integradora: somos una sola conciencia y red de energ\u00eda, un solo mar de energ\u00eda y consciencia que incluye planetas, estrellas, humanos, aves, insectos, \u00e1rboles, rocas, fuego, aire, nubes, agua, \u00e1ngeles y arc\u00e1ngeles y dioses. Siento que para quien somos ahora como humanos encarnados, nos sirve tomar como propias ciertas escenas de la historia del mar original de la consciencia, pero eso no implica que hayamos sido esa persona. Esto explicar\u00eda por qu\u00e9 hay tantas Cleopatras y Napoleones y Jesuses dando vuelta por el mundo.<br \/>\nDesde este punto de vista, si \u201cretrocedemos\u201d en nuestras vidas, todos podemos llegar al inicio de la creaci\u00f3n, haya sido lo que haya sido\u2026 todos podemos tener \u201cmemorias\u201d de creaciones de planetas, guerras interplanetarias y cosas tan descabelladas como esas. Pues en el Universo est\u00e1n guardados los recuerdos de cada evento experimentado por la Consciencia Original.<\/p>\n<p>Pero esta explicaci\u00f3n no borra ese remecimiento de tripas y consciencia cuando uno ve ciertas escenas del pasado&#8230; y no tengo una explicaci\u00f3n al respecto. Como dice Jodorovsky, el cuerpo toma las met\u00e1foras&#8230;. y si estas historias y visiones nos sirven&#8230; pues us\u00e9moslas.<\/p>\n<p>Si es por mirar desde la perspectiva del juego de la vida y la rueda de las encarnaciones, ahora le doy m\u00e1s atenci\u00f3n a las historias de los ancestros, siento que son explicaciones m\u00e1s potentes a lo que vivimos\u2026 y si me preguntan por las vidas pasadas, las leo. Si es por poner en orden las dos influencias, podr\u00eda decir que elegimos la familia en que encarnamos por el karma positivo y negativo acumulado en la rueda de las encarnaciones.<\/p>\n<p>Quiz\u00e1s en unos a\u00f1os m\u00e1s tenga otra percepci\u00f3n\u2026<\/p>\n<p>Bendiciones!<\/p>\n","protected":false},"excerpt":{"rendered":"<p>Hace mucho, mucho tiempo que no escrib\u00eda sobre vidas pasadas. Tanto paseo por la vida de la mano de la meditaci\u00f3n, me ha cambiado bastante la mirada hacia este tema y experiencias. A ra\u00edz de la regresi\u00f3n de una colega amiga, en la que vio con todo detalle un emblema japon\u00e9s, estuvimos conversando sobre las [&hellip;]<\/p>\n","protected":false},"author":1,"featured_media":2348,"comment_status":"open","ping_status":"open","sticky":false,"template":"","format":"standard","meta":{"site-container-style":"default","site-container-layout":"default","site-sidebar-layout":"default","disable-article-header":"default","disable-site-header":"default","disable-site-footer":"default","disable-content-area-spacing":"default","ngg_post_thumbnail":0,"_joinchat":[],"footnotes":""},"categories":[8,12,215],"tags":[195],"class_list":["post-2347","post","type-post","status-publish","format-standard","has-post-thumbnail","hentry","category-memorias","category-reflejos-interiores","category-vidas-pasadas","tag-vidas-pasadas"],"_links":{"self":[{"href":"https:\/\/zocalo.cl\/enamoralaverdad\/wp-json\/wp\/v2\/posts\/2347","targetHints":{"allow":["GET"]}}],"collection":[{"href":"https:\/\/zocalo.cl\/enamoralaverdad\/wp-json\/wp\/v2\/posts"}],"about":[{"href":"https:\/\/zocalo.cl\/enamoralaverdad\/wp-json\/wp\/v2\/types\/post"}],"author":[{"embeddable":true,"href":"https:\/\/zocalo.cl\/enamoralaverdad\/wp-json\/wp\/v2\/users\/1"}],"replies":[{"embeddable":true,"href":"https:\/\/zocalo.cl\/enamoralaverdad\/wp-json\/wp\/v2\/comments?post=2347"}],"version-history":[{"count":0,"href":"https:\/\/zocalo.cl\/enamoralaverdad\/wp-json\/wp\/v2\/posts\/2347\/revisions"}],"wp:featuredmedia":[{"embeddable":true,"href":"https:\/\/zocalo.cl\/enamoralaverdad\/wp-json\/wp\/v2\/media\/2348"}],"wp:attachment":[{"href":"https:\/\/zocalo.cl\/enamoralaverdad\/wp-json\/wp\/v2\/media?parent=2347"}],"wp:term":[{"taxonomy":"category","embeddable":true,"href":"https:\/\/zocalo.cl\/enamoralaverdad\/wp-json\/wp\/v2\/categories?post=2347"},{"taxonomy":"post_tag","embeddable":true,"href":"https:\/\/zocalo.cl\/enamoralaverdad\/wp-json\/wp\/v2\/tags?post=2347"}],"curies":[{"name":"wp","href":"https:\/\/api.w.org\/{rel}","templated":true}]}}