{"id":2464,"date":"2007-03-01T10:30:08","date_gmt":"2007-03-01T13:30:08","guid":{"rendered":"http:\/\/www.zocalo.cl\/brujita\/?p=2464"},"modified":"2007-03-01T10:30:08","modified_gmt":"2007-03-01T13:30:08","slug":"2464","status":"publish","type":"post","link":"https:\/\/zocalo.cl\/enamoralaverdad\/2464\/","title":{"rendered":"Reflejos interiores"},"content":{"rendered":"<p><img loading=\"lazy\" decoding=\"async\" class=\"wp-caption-dd\" style=\"margin: 2px; float: left;\" src=\"http:\/\/www.zocalo.cl\/brujita\/imagenes\/goddess2.gif\" alt=\"Diosa\" width=\"85\" height=\"180\">Esta secci\u00f3n se gesta el primer d\u00eda de marzo del 2007, en las puertas de un nuevo cumplea\u00f1os. Como dice una gran amiga, ya acerc\u00e1ndose&nbsp;marzo me da por hacer cirug\u00eda de cuerpo y alma y claramente&nbsp;esto se refleja en mi hogar virtual.<\/p>\n<p align=\"left\">Tanta vivencia, tanta experiencia y aprendizaje se me han acumulado en mi ser, mis c\u00e9lulas, en la garganta y las manos y s\u00f3lo me queda&nbsp;escribir y escribir para poder exteriorizar y elaborar todo lo sucedido en mi mundo personal en los \u00faltimos a\u00f1os.<br \/>\nHe ido depositando aqu\u00ed el testimonio de mis experiencias internas desde que inici\u00e9 el camino del despertar.<\/p>\n<p align=\"left\"><a title=\"De donde vengo\" href=\"http:\/\/www.zocalo.cl\/brujita\/?p=12\">La primera es una breve historia de c\u00f3mo llegu\u00e9 a estar donde estoy<\/a>. Le siguen -y le seguir\u00e1n en el futuro- textos sobre los temas que me vayan acosando los sentidos, las emociones y las neuronas.<\/p>\n<ul>\n<li><a href=\"http:\/\/www.zocalo.cl\/brujita\/?cat=114\">Ancestros<\/a><\/li>\n<li><a title=\"El despertar\" href=\"http:\/\/www.zocalo.cl\/brujita\/?cat=99\">El Despertar<\/a><\/li>\n<li><a href=\"http:\/\/www.zocalo.cl\/brujita\/?cat=105\">Libros<\/a><\/li>\n<li><a title=\"C\u00f3mo entender a los ni\u00f1os perceptivos y libres de esp\u00edritu que est\u00e1n naciendo?\" href=\"http:\/\/www.zocalo.cl\/brujita\/?cat=63\">Los ni\u00f1os de hoy<\/a><\/li>\n<li><a href=\"http:\/\/www.zocalo.cl\/brujita\/?cat=132\">Meditaci\u00f3n<\/a><\/li>\n<li><a href=\"http:\/\/www.zocalo.cl\/brujita\/?cat=73\">Memorias<\/a><\/li>\n<li><a title=\"Or\u00e1culos varios y mi experiencia con ellos\" href=\"http:\/\/www.zocalo.cl\/brujita\/?cat=58\">Or\u00e1culos y otras hierbas<\/a><\/li>\n<li><a href=\"http:\/\/www.zocalo.cl\/brujita\/?cat=141\">Personas Altamente Sensibles (PAS)<\/a><\/li>\n<li class=\"cat-item cat-item-1\"><a title=\"Reflexionando sobre la vida\" href=\"http:\/\/www.zocalo.cl\/brujita\/?cat=1\">Reflejos interiores<\/a><\/li>\n<li><a href=\"http:\/\/www.zocalo.cl\/brujita\/?cat=84\">Talleres<\/a><\/li>\n<li class=\"cat-item cat-item-1\"><a title=\"Sugerencias y terapias\" href=\"http:\/\/www.zocalo.cl\/brujita\/?cat=53\">Terapias energ\u00e9ticas<\/a><\/li>\n<li class=\"cat-item cat-item-63\"><a href=\"http:\/\/www.zocalo.cl\/brujita\/?cat=127\">Testimonios<\/a><\/li>\n<li class=\"cat-item cat-item-73\"><a href=\"http:\/\/www.zocalo.cl\/brujita\/?cat=85\">Vivir consciente<\/a><\/li>\n<\/ul>\n","protected":false},"excerpt":{"rendered":"<p>Esta secci\u00f3n se gesta el primer d\u00eda de marzo del 2007, en las puertas de un nuevo cumplea\u00f1os. Como dice una gran amiga, ya acerc\u00e1ndose&nbsp;marzo me da por hacer cirug\u00eda de cuerpo y alma y claramente&nbsp;esto se refleja en mi hogar virtual. Tanta vivencia, tanta experiencia y aprendizaje se me han acumulado en mi ser, [&hellip;]<\/p>\n","protected":false},"author":1,"featured_media":0,"comment_status":"closed","ping_status":"closed","sticky":false,"template":"","format":"standard","meta":{"site-container-style":"default","site-container-layout":"default","site-sidebar-layout":"default","disable-article-header":"default","disable-site-header":"default","disable-site-footer":"default","disable-content-area-spacing":"default","ngg_post_thumbnail":0,"_joinchat":[],"footnotes":""},"categories":[12],"tags":[46],"class_list":["post-2464","post","type-post","status-publish","format-standard","hentry","category-reflejos-interiores","tag-blog"],"_links":{"self":[{"href":"https:\/\/zocalo.cl\/enamoralaverdad\/wp-json\/wp\/v2\/posts\/2464","targetHints":{"allow":["GET"]}}],"collection":[{"href":"https:\/\/zocalo.cl\/enamoralaverdad\/wp-json\/wp\/v2\/posts"}],"about":[{"href":"https:\/\/zocalo.cl\/enamoralaverdad\/wp-json\/wp\/v2\/types\/post"}],"author":[{"embeddable":true,"href":"https:\/\/zocalo.cl\/enamoralaverdad\/wp-json\/wp\/v2\/users\/1"}],"replies":[{"embeddable":true,"href":"https:\/\/zocalo.cl\/enamoralaverdad\/wp-json\/wp\/v2\/comments?post=2464"}],"version-history":[{"count":0,"href":"https:\/\/zocalo.cl\/enamoralaverdad\/wp-json\/wp\/v2\/posts\/2464\/revisions"}],"wp:attachment":[{"href":"https:\/\/zocalo.cl\/enamoralaverdad\/wp-json\/wp\/v2\/media?parent=2464"}],"wp:term":[{"taxonomy":"category","embeddable":true,"href":"https:\/\/zocalo.cl\/enamoralaverdad\/wp-json\/wp\/v2\/categories?post=2464"},{"taxonomy":"post_tag","embeddable":true,"href":"https:\/\/zocalo.cl\/enamoralaverdad\/wp-json\/wp\/v2\/tags?post=2464"}],"curies":[{"name":"wp","href":"https:\/\/api.w.org\/{rel}","templated":true}]}}