{"id":2696,"date":"2017-09-13T13:43:05","date_gmt":"2017-09-13T16:43:05","guid":{"rendered":"http:\/\/www.zocalo.cl\/brujita\/?p=2696"},"modified":"2017-09-13T13:43:05","modified_gmt":"2017-09-13T16:43:05","slug":"un-duelo-de-44-anos","status":"publish","type":"post","link":"https:\/\/zocalo.cl\/enamoralaverdad\/un-duelo-de-44-anos\/","title":{"rendered":"Un duelo de 44 a\u00f1os"},"content":{"rendered":"<p>Hace 44 a\u00f1os, el jueves 13 de septiembre de 1973, mi padre sali\u00f3 de casa para comprar medicamentos para mi hermana enferma. Era el primer d\u00eda sin toque de queda tras el golpe militar del 11, d\u00eda en que se hab\u00eda roto algo muy grande\u2026<\/p>\n<p>Yo ten\u00eda 8 a\u00f1os, y tuve conciencia total de lo que ocurr\u00eda. Si mi pap\u00e1 no hab\u00eda llegado a la hora del toque de queda, si allanaban la casa de unos vecinos, uno de los cuales andaba con mi padre, todo se estaba poniendo m\u00e1s grave a\u00fan.<br \/>\nDesde detr\u00e1s de la pandereta de la casa de mis t\u00edos vimos como sacaban a los hijos de la se\u00f1ora Yola de su casa a punta de fusil, apenas empezado el toque de queda a las 18 hrs,\u2026 recuerdo el ruido y la imagen de las tanquetas entrando a la Villa Macul, iluminadas por la luz rosa del crep\u00fasculo vespertino, esa luz que he amado toda mi vida.<\/p>\n<p>Luego vinieron d\u00edas de incertidumbre total, sin saber si mi paire estaba vivo o muerto\u2026 d\u00edas de esconder y quemar libros y discos. D\u00edas de esperar que nos allanaran, d\u00edas con el cielo de primavera surcado de aviones y helic\u00f3pteros, noches de balaceras interminables y helic\u00f3pteros\u2026 d\u00edas duros, tristes, feos\u2026 en las que ya nunca m\u00e1s fui ni\u00f1a. Mi padre regres\u00f3 vivo en enero, tras 4 meses de detenci\u00f3n, tortura y aislamiento\u2026 volvi\u00f3 bastante entero, para todo lo vivido. Pero los d\u00edas duros, de silencio, de ocultamiento, de miedo, duraron mucho m\u00e1s\u2026 duraron d\u00e9cadas.<\/p>\n<p>Los a\u00f1os previos al golpe los viv\u00ed en medio del idealismo de izquierda de mis viejos y de amigos de la familia. Crec\u00ed escuchando la m\u00fasica de Quilapay\u00fan, Inti-illimani, los Parra, V\u00edctor Jara. Crec\u00ed en medio de los sue\u00f1os de un mundo mejor, m\u00e1s justo, con m\u00e1s igualdad. Mis viejos creyeron de coraz\u00f3n en la posibilidad de un pa\u00eds con menos diferencias sociales. Y todo eso se rompi\u00f3 el 11 y hubo que guardarse los sue\u00f1os en un bolsillo muy oculto.<\/p>\n<p>A\u00fan me emociona escuchar esas canciones, me las s\u00e9 de memoria, me evocan tantas cosas\u2026 muchas veces se me aprieta la garganta, me corren las l\u00e1grimas. Especialmente en estas fechas.<\/p>\n<figure id=\"attachment_2697\" aria-describedby=\"caption-attachment-2697\" style=\"width: 400px\" class=\"wp-caption alignright\"><img loading=\"lazy\" decoding=\"async\" class=\"wp-image-2697 size-large\" src=\"http:\/\/www.zocalo.cl\/brujita\/\/wp-content\/uploads\/2017\/09\/20170911_211338_HDR-b-400x225.jpg\" alt=\"\" width=\"400\" height=\"225\"><figcaption id=\"caption-attachment-2697\" class=\"wp-caption-text\">Mi viejo, el tercero de arriba.<\/figcaption><\/figure>\n<p>Hace dos d\u00edas, en la velat\u00f3n del Estadio Nacional, tras honrar la memoria de mi viejo (su foto est\u00e1 en el Memorial), y tras encender velas en homenaje de tantos\u2026 me hice una pregunta\u2026 est\u00e1bamos en el bandej\u00f3n central de Av. Grecia, donde mi madre estuvo a la espera de mi viejo, donde ella y otras miles de personas tuvieron que arrancar de balaceras\u2026 en el escenario de afuera del Estadio Illapu cantaba el Manifiesto de V\u00edctor Jara\u2026 ah\u00ed\u2026 con la garganta apretada intentando cantar, me pregunt\u00e9\u2026 por qu\u00e9 duele tanto todav\u00eda?<\/p>\n<p>Y esper\u00e9 la respuesta\u2026<\/p>\n<p>\u201cNos robaron los sue\u00f1os\u201d\u2026 eso es\u2026<\/p>\n<p>Nos robaron el sue\u00f1o de un pa\u00eds m\u00e1s justo, m\u00e1s equilibrado, con menos diferencias\u2026<\/p>\n<figure id=\"attachment_2699\" aria-describedby=\"caption-attachment-2699\" style=\"width: 197px\" class=\"wp-caption alignleft\"><img loading=\"lazy\" decoding=\"async\" class=\"wp-image-2699 size-medium\" src=\"http:\/\/www.zocalo.cl\/brujita\/\/wp-content\/uploads\/2017\/09\/papis-b-197x300.jpg\" alt=\"\" width=\"197\" height=\"300\" srcset=\"https:\/\/zocalo.cl\/enamoralaverdad\/wp-content\/uploads\/2017\/09\/papis-b-197x300.jpg 197w, https:\/\/zocalo.cl\/enamoralaverdad\/wp-content\/uploads\/2017\/09\/papis-b-671x1024.jpg 671w, https:\/\/zocalo.cl\/enamoralaverdad\/wp-content\/uploads\/2017\/09\/papis-b-768x1171.jpg 768w, https:\/\/zocalo.cl\/enamoralaverdad\/wp-content\/uploads\/2017\/09\/papis-b.jpg 941w\" sizes=\"auto, (max-width: 197px) 100vw, 197px\" \/><figcaption id=\"caption-attachment-2699\" class=\"wp-caption-text\">Mis viejos.<\/figcaption><\/figure>\n<p>Y es un sue\u00f1o que va m\u00e1s all\u00e1 de las corrientes pol\u00edticas\u2026 al menos eso es lo que siento en mi coraz\u00f3n. En mi caso personal no adscribo a partido ni corriente pol\u00edtica alguna, aunque claramente estoy permeada hasta el tu\u00e9tano de las ideolog\u00edas de mis viejos.<br \/>\nNi idea si el proyecto de Allende pudo haber funcionado sin la intervenci\u00f3n extranjera, y a estas alturas no creo en la v\u00eda pol\u00edtica para hacer de este mundo algo mejor\u2026 En mi caso es el sue\u00f1o de un mundo que no fue lo que duele.<\/p>\n<p>\u201cNos robaron los sue\u00f1os\u201d\u2026 esta frase que me llega en medio del fr\u00edo y la noche, en Av. Grecia, abrazados con mi compa\u00f1ero\u2026 me hace darme cuenta por primera vez que tengo el idealismo de mis viejos intacto en mi coraz\u00f3n. Lo dirig\u00ed hacia otras frecuencias\u2026 pero ha estado en m\u00ed toda mi vida\u2026 Y desde mi terquedad de base sigo trabajando en hacerlo realidad.<\/p>\n<p>44 a\u00f1os de duelo, una herida que no cierra\u2026 44 a\u00f1os que nos robaron un sue\u00f1o\u2026 44 a\u00f1os que algunos se sintieron con derecho a herir, matar, censurar, torturar, destrozar esos sue\u00f1os\u2026<\/p>\n<p>Pero los sue\u00f1os son porfiados, siguen ah\u00ed, vuelven\u2026 se esconden por un tiempo y regresan.<\/p>\n<p>El dolor dice que siguen intactos, porfiados, potentes\u2026 vivos! Porque soy hija de mis padres, so\u00f1adora e idealista como ellos.<\/p>\n<p>Porque sue\u00f1o un mundo mejor.&nbsp;Porque los sue\u00f1os tejen realidad\u2026&nbsp;<\/p>\n<figure id=\"attachment_2698\" aria-describedby=\"caption-attachment-2698\" style=\"width: 225px\" class=\"wp-caption aligncenter\"><img loading=\"lazy\" decoding=\"async\" class=\"wp-image-2698 size-large\" src=\"http:\/\/www.zocalo.cl\/brujita\/\/wp-content\/uploads\/2017\/09\/20170911_213517_HDR-b-225x400.jpg\" alt=\"\" width=\"225\" height=\"400\"><figcaption id=\"caption-attachment-2698\" class=\"wp-caption-text\">Velat\u00f3n 2017<\/figcaption><\/figure>\n","protected":false},"excerpt":{"rendered":"<p>Hace 44 a\u00f1os, el jueves 13 de septiembre de 1973, mi padre sali\u00f3 de casa para comprar medicamentos para mi hermana enferma. Era el primer d\u00eda sin toque de queda tras el golpe militar del 11, d\u00eda en que se hab\u00eda roto algo muy grande\u2026 Yo ten\u00eda 8 a\u00f1os, y tuve conciencia total de lo [&hellip;]<\/p>\n","protected":false},"author":1,"featured_media":2703,"comment_status":"open","ping_status":"open","sticky":false,"template":"","format":"standard","meta":{"site-container-style":"default","site-container-layout":"default","site-sidebar-layout":"default","disable-article-header":"default","disable-site-header":"default","disable-site-footer":"default","disable-content-area-spacing":"default","ngg_post_thumbnail":0,"_joinchat":[],"footnotes":""},"categories":[8,16],"tags":[17,80,89,118],"class_list":["post-2696","post","type-post","status-publish","format-standard","has-post-thumbnail","hentry","category-memorias","category-vivir-consciente","tag-11-de-septiembre","tag-duelo","tag-estadio-nacional","tag-memorias"],"_links":{"self":[{"href":"https:\/\/zocalo.cl\/enamoralaverdad\/wp-json\/wp\/v2\/posts\/2696","targetHints":{"allow":["GET"]}}],"collection":[{"href":"https:\/\/zocalo.cl\/enamoralaverdad\/wp-json\/wp\/v2\/posts"}],"about":[{"href":"https:\/\/zocalo.cl\/enamoralaverdad\/wp-json\/wp\/v2\/types\/post"}],"author":[{"embeddable":true,"href":"https:\/\/zocalo.cl\/enamoralaverdad\/wp-json\/wp\/v2\/users\/1"}],"replies":[{"embeddable":true,"href":"https:\/\/zocalo.cl\/enamoralaverdad\/wp-json\/wp\/v2\/comments?post=2696"}],"version-history":[{"count":0,"href":"https:\/\/zocalo.cl\/enamoralaverdad\/wp-json\/wp\/v2\/posts\/2696\/revisions"}],"wp:featuredmedia":[{"embeddable":true,"href":"https:\/\/zocalo.cl\/enamoralaverdad\/wp-json\/wp\/v2\/media\/2703"}],"wp:attachment":[{"href":"https:\/\/zocalo.cl\/enamoralaverdad\/wp-json\/wp\/v2\/media?parent=2696"}],"wp:term":[{"taxonomy":"category","embeddable":true,"href":"https:\/\/zocalo.cl\/enamoralaverdad\/wp-json\/wp\/v2\/categories?post=2696"},{"taxonomy":"post_tag","embeddable":true,"href":"https:\/\/zocalo.cl\/enamoralaverdad\/wp-json\/wp\/v2\/tags?post=2696"}],"curies":[{"name":"wp","href":"https:\/\/api.w.org\/{rel}","templated":true}]}}