{"id":2713,"date":"2017-11-15T12:16:04","date_gmt":"2017-11-15T15:16:04","guid":{"rendered":"http:\/\/www.zocalo.cl\/brujita\/?p=2713"},"modified":"2017-11-15T12:16:04","modified_gmt":"2017-11-15T15:16:04","slug":"tu-hijo-ve-cosas-que-tu-no-ves","status":"publish","type":"post","link":"https:\/\/zocalo.cl\/enamoralaverdad\/tu-hijo-ve-cosas-que-tu-no-ves\/","title":{"rendered":"\u00bfTu hijo ve cosas que t\u00fa no ves?"},"content":{"rendered":"<p>Hace ya 8 a\u00f1os que <a href=\"http:\/\/www.zocalo.cl\/brujita\/?p=858\" target=\"_blank\" rel=\"noopener noreferrer\">escrib\u00ed de este tema<\/a>, pero me siguen pidiendo que haga una gu\u00eda para ayudar a padres con hijos perceptivos.<\/p>\n<p><img loading=\"lazy\" decoding=\"async\" class=\"alignright wp-image-2714 size-large\" src=\"http:\/\/www.zocalo.cl\/brujita\/\/wp-content\/uploads\/2017\/11\/ninos-arco-iris-400x270.jpg\" alt=\"\" width=\"400\" height=\"270\">En este per\u00edodo algo ha cambiado el escenario: aparte de haber cada d\u00eda m\u00e1s ni\u00f1os \u201cps\u00edquicos\u201d -prefiero decirles perceptivos-, ahora hay una clasificaci\u00f3n psicol\u00f3gica para nosotros, las personas con una sensibilidad extra al com\u00fan de la gente. Nos llaman <a href=\"https:\/\/www.google.com\/url?sa=t&amp;rct=j&amp;q=&amp;esrc=s&amp;source=web&amp;cd=3&amp;cad=rja&amp;uact=8&amp;ved=0ahUKEwilnpXW7cDXAhULFZAKHdsWB6YQFggxMAI&amp;url=https%3A%2F%2Fbefullness.com%2Fpersonas-altamente-sensibles%2F&amp;usg=AOvVaw3XWnK1JNw3d6MDVDfpFxlr\" target=\"_blank\" rel=\"noopener noreferrer\">personas PAS, personas altamente sensibles<\/a>.<br \/>\nHay harto material en la web, es cosa de googlear. Y tambi\u00e9n hay bastante material sobre <a href=\"https:\/\/www.etapainfantil.com\/ninos-altamente-sensibles\" target=\"_blank\" rel=\"noopener noreferrer\">ni\u00f1os PAS<\/a>.<br \/>\nPara m\u00ed, esta sensibilidad es equivalente a la habilidad para la m\u00fasica, matem\u00e1ticas, deportes, letras\u2026 cada ser humano tiene un don que desarrollar\u00e1 en su vida. Para nosotros el encargo es hacer algo \u00fatil con esta capacidad de sentir m\u00e1s.<\/p>\n<p>Ya llevo tiempo sintiendo que percibir las energ\u00edas es algo innato en el ser humano, pero algunos desarrollaremos la habilidad, as\u00ed como otros desarrollar\u00e1n su talento para la danza o la cocina, o alg\u00fan deporte.<br \/>\nPor percibir energ\u00edas hablo de ver al aura, escuchar informaci\u00f3n, sentir kinest\u00e9sicamente, oler, tocar, saber algo que no es posible a trav\u00e9s de una conversaci\u00f3n verbal.<br \/>\nDentro de esa capacidad innata, est\u00e1 la explicaci\u00f3n de por qu\u00e9 todos los beb\u00e9s y ni\u00f1os perciben los estados emocionales de sus padres y otras personas. Antes que el ni\u00f1o empiece a recibir toda la programaci\u00f3n y codificaci\u00f3n de lo que es un \u00e1rbol, una mesa, un ave\u2026 siente de manera mucho m\u00e1s amplia que un adulto. Hasta antes que aprenda a leer y correlacionar la palabra \u00e1rbol con ese objeto gigante que se mueve con el viento\u2026 puede observar a ese ser vegetal consciente en todo su esplendor.<br \/>\nUna vez que aprende la palabra \u00e1rbol, hoja, rama\u2026 deja de ver al individuo y comienza a ver lo mismo en todas partes: \u00e1rbol, hoja rama\u2026 Cuando aprende la palabra viento, deja de sentir las sensaciones que \u00e9ste provoca en la piel y en el pelo.<br \/>\n<img loading=\"lazy\" decoding=\"async\" class=\"size-medium wp-image-2721 alignleft\" src=\"http:\/\/www.zocalo.cl\/brujita\/\/wp-content\/uploads\/2017\/11\/kayden-rain-300x168.png\" alt=\"\" width=\"300\" height=\"168\" srcset=\"https:\/\/zocalo.cl\/enamoralaverdad\/wp-content\/uploads\/2017\/11\/kayden-rain-300x168.png 300w, https:\/\/zocalo.cl\/enamoralaverdad\/wp-content\/uploads\/2017\/11\/kayden-rain.png 650w\" sizes=\"auto, (max-width: 300px) 100vw, 300px\" \/>Cuando aprenda la palabra lluvia, dejar\u00e1 de disfrutarla como esa ni\u00f1a y su primera vez, <a href=\"https:\/\/www.youtube.com\/watch?v=vj70bcPdGiQ\" target=\"_blank\" rel=\"noopener noreferrer\">esa peque\u00f1a que se hizo famosa en youtube<\/a>.<br \/>\nHasta antes de aprender el lenguaje, el ni\u00f1o percibe la energ\u00eda directamente, sin un marco regulatorio que le ordene la informaci\u00f3n: s\u00f3lo ve colores, masas, nubes, siente texturas, escucha sonidos, experimenta y disfruta de lo que percibe\u2026 el lenguaje le va ense\u00f1ando a darle forma y a asociar lo que percibe a ciertos sonidos y conceptos mentales\u2026 y al mismo tiempo va coartando y mutilando la percepci\u00f3n innata de todos los sentidos.<\/p>\n<p>El lenguaje y lo que copia de los adultos que lo rodean lo van guiando hacia dejar de hacer caso de las percepciones de su cuerpo, de su instinto. Ese instinto que nos hace arrancar del fuego antes de alcanzar a pensarlo\u2026 Ese instinto que los otros animales tienen intacto, pero que el humano aprendi\u00f3 a bloquear.<br \/>\n(Suelo bromear que el hombre es el \u00fanico animal que ve el fuego, se queda, se quema\u2026 y luego culpa al fuego.)<\/p>\n<p>Cuando entramos al colegio, la instrucci\u00f3n y el adoctrinamiento terminan de hundir la percepci\u00f3n directa, ya no tenemos permiso de usarla.<\/p>\n<p>Entonces\u2026 tu hijo, tu alumno, ha percibido naturalmente hasta los 4 a\u00f1os aproximadamente. Y lo que ocurre por estos d\u00edas es que los ni\u00f1os ya no quieren perder esa habilidad innata, se resisten a que les corten las alas perceptivas.<\/p>\n<p><em>\u00bfQu\u00e9 hacer si tienes cerca uno de estos peque\u00f1os?<\/em><\/p>\n<p>La recomendaci\u00f3n general es validarlo totalmente.<br \/>\nSi tienes un hijo que es h\u00e1bil con las matem\u00e1ticas, pues buscar\u00e1s como ayudarlo a que saque partido de su talento; misma cosa si es deportista, o ama las letras, o la m\u00fasica (estas dos \u00faltimas opciones a\u00fan no son tan aceptadas).<br \/>\nLa idea es la misma\u2026 buscar c\u00f3mo ayudarlo a desarrollar su habilidad.<\/p>\n<p>Valida sus percepciones.<br \/>\nSi te dice que vio una ni\u00f1a, y t\u00fa no la ves, preg\u00fantale d\u00f3nde est\u00e1, cu\u00e1ndo aparece, si puede hablar con ella, si sabe lo que le pasa. Expl\u00edcale que no la ves ni sientes, pero que escuchar\u00e1s atentamente todo lo que pueda contarte.<br \/>\nMismo ejercicio si tiene amigos \u201cimaginarios\u201d, que pueden ser duendes, seres de luz, etc.<br \/>\nO si te comenta que sabe de alguien que est\u00e1 enfermo, preg\u00fantale c\u00f3mo lo sabe, si siente, ve, escucha, si alguna voz le dice.<br \/>\nO si sabe que alguien va a morir\u2026 o que vino la abuela ya fallecida a jugar y conversar.<br \/>\nO si mira una foto de ancestros y te dice que es \u00e9l mismo cuando era un t\u00edo abuelo, o una bisabuela.<\/p>\n<p><img loading=\"lazy\" decoding=\"async\" class=\"size-medium wp-image-1561 alignright\" src=\"http:\/\/www.zocalo.cl\/brujita\/\/wp-content\/uploads\/2013\/11\/infinito-300x206.jpg\" alt=\"\" width=\"300\" height=\"206\" srcset=\"https:\/\/zocalo.cl\/enamoralaverdad\/wp-content\/uploads\/2013\/11\/infinito-300x206.jpg 300w, https:\/\/zocalo.cl\/enamoralaverdad\/wp-content\/uploads\/2013\/11\/infinito.jpg 400w\" sizes=\"auto, (max-width: 300px) 100vw, 300px\" \/>Como explico en el art\u00edculo sobre <a href=\"http:\/\/www.zocalo.cl\/brujita\/?p=2641\" target=\"_blank\" rel=\"noopener noreferrer\">lo que veo en el aura<\/a>, percibir las energ\u00edas directamente es navegar por la internet natural de energ\u00eda e informaci\u00f3n. Lo \u00fanico que hace tu hijo o alumno es estar atento a toda la informaci\u00f3n que anda dando vueltas desde siempre.<br \/>\nProbablemente el hecho de tener una internet de informaci\u00f3n digital ha ayudado mucho a que las capacidades perceptivas se re despierten.<\/p>\n<p>Tu peque\u00f1o gran ser humano tiene predilecci\u00f3n por ciertos canales de youtube y por ciertos temas\u2026 navega y googlea en ellas con total naturalidad. As\u00ed como lo acompa\u00f1as a ver contenidos de la internet digital, puedes hacerlo con la internet energ\u00e9tica.<br \/>\nEs lo mismo\u2026 \u201cc\u00f3mo arriba es abajo\u201d dice un antiguo principio.<br \/>\nEs s\u00f3lo que le tememos a la internet energ\u00e9tica porque olvidamos que exist\u00eda. Porque la cultura occidental nos ense\u00f1\u00f3 que no existe, o nos dijo que era \u201cmala\u201d por alguna raz\u00f3n religiosa.<\/p>\n<p>La internet energ\u00e9tica se puede googlear mirando, escuchando, sintiendo, oliendo, tocando. Con todos los sentidos. Y tambi\u00e9n con ese famoso sexto sentido: la intuici\u00f3n.<br \/>\nTu ni\u00f1o puede tener la capacidad de usar un sentido en particular, o todos ellos.<br \/>\nYa que siente, huele, escucha, toca y mira con sus sentidos tan abiertos, ciertos lugares le resultar\u00e1n profundamente desagradables por la cantidad de est\u00edmulos presentes: malls, lugares ruidosos, con mucha gente, calles atestadas, lugares con recuerdos dolorosos\u2026 y un largo etc\u00e9tera. Le puede resultar desagradable cierto tipo de ropa, las etiquetas, cierto tipo de m\u00fasica, ciertas personas, ciertas comidas\u2026 y otro largo etc\u00e9tera (en esta lista me describo a m\u00ed misma).<br \/>\nA veces el rechazo a lugares o personas es tan visceral, que se pueden llegar a enfermar.<\/p>\n<p>Si tu ni\u00f1o rechaza un lugar o una persona, val\u00eddalo! Est\u00e1 sintiendo algo que t\u00fa no sientes: un humano o lugar que es potencial peligro.<br \/>\nProbablemente t\u00fa tambi\u00e9n sentiste el aviso, pero hiciste caso omiso. A lo mejor fue un leve escalofr\u00edo, una leve se\u00f1al de alerta, un pinchazo en el est\u00f3mago.<br \/>\nPreg\u00fantale a tu ni\u00f1o: qu\u00e9 sientes? Lo ves? Lo sabes? Te lo dijeron? Lo supiste? Lo sientes en el cuerpo?<br \/>\nMe puedes describir lo que sientes? Me lo puedes dibujar?<br \/>\nQu\u00e9 quieres hacer con esto que no te gusta?<br \/>\nY eval\u00faa como adulto qu\u00e9 hacer\u2026 siempre honrando a tu ni\u00f1o.<\/p>\n<p>Si tu ni\u00f1o te pregunta si est\u00e1s triste, cansado, enojado\u2026 reconoce tu estado emocional. Tu ni\u00f1o te ve, te siente y sabe c\u00f3mo est\u00e1s.<br \/>\nY dile: s\u00ed, estoy triste, pero es MI problema, y yo me hago cargo.<br \/>\nAs\u00ed le est\u00e1s mostrando que es v\u00e1lido sentir emociones, y que cada uno se hace cargo de liberarlas de manera regulada.<\/p>\n<p>Si te dice que alguien est\u00e1 enfermo, preg\u00fantale c\u00f3mo lo sabe. Si te dice que un profesor no le gusta, si no quiere saludar a un adulto, anda m\u00e1s all\u00e1 y preg\u00fantale qu\u00e9 siente.<br \/>\nEn la medida que se sienta comprendido y validado, contar\u00e1 cada vez m\u00e1s lo que percibe.<\/p>\n<p>Busca orientaci\u00f3n de personas neutrales, que no teman a las visiones (habemos unos cuantos). En mi caso, pap\u00e1s e hijos se relajan en consulta al ver un adulto que aprendi\u00f3 a fluir con esta internet energ\u00e9tica.<br \/>\nEn el grupo de mis queridos brujis, todos llegaron desorientados, sin saber qu\u00e9 hacer con todo lo que sent\u00edan, y ahora se han acostumbrado a vivir as\u00ed, usando toda la informaci\u00f3n para tomar mejores decisiones.<br \/>\nTambi\u00e9n puedes ayudarlo a manejar su sensibilidad con <a href=\"http:\/\/www.zocalo.cl\/brujita\/?page_id=23\" target=\"_blank\" rel=\"noopener noreferrer\">flores de Bach y esencias similares<\/a>.<\/p>\n<p>Permite que tu hijo le saque partido a su percepci\u00f3n, a su sensibilidad. La mayor\u00eda de quienes la tenemos necesitamos hacer servicio social. Y requerimos de gu\u00edas que nos ense\u00f1en a navegar por las carreteras de la informaci\u00f3n energ\u00e9tica con confianza y claridad.<br \/>\nYo tuve un profesor que me llev\u00f3 de la mano, Harold. Desde entonces <a href=\"http:\/\/www.zocalo.cl\/brujita\/?page_id=1007\" target=\"_blank\" rel=\"noopener noreferrer\">llevo a\u00f1os ense\u00f1ando<\/a>, porque hay muchos ni\u00f1os y adultos que necesitan esa misma gu\u00eda.<\/p>\n<p>Percibir auras y energ\u00edas directamente es honestidad pura\u2026 algo que necesitamos mucho en estos d\u00edas.<br \/>\nTu ni\u00f1o altamente sensitivo y perceptivo -que se resiste a dejar de percibir- quiere vivir desde la honestidad y transparencia. Quiere traspasar las barreras de las programaciones y acuerdos sociales que nos coartan.<br \/>\nPerm\u00edtele que extienda sus alas\u2026 ay\u00fadalo, gu\u00edalo para que lo logre y llegue a ser un adulto libre.<\/p>\n<p>Namast\u00e9!<\/p>\n","protected":false},"excerpt":{"rendered":"<p>Hace ya 8 a\u00f1os que escrib\u00ed de este tema, pero me siguen pidiendo que haga una gu\u00eda para ayudar a padres con hijos perceptivos. En este per\u00edodo algo ha cambiado el escenario: aparte de haber cada d\u00eda m\u00e1s ni\u00f1os \u201cps\u00edquicos\u201d -prefiero decirles perceptivos-, ahora hay una clasificaci\u00f3n psicol\u00f3gica para nosotros, las personas con una sensibilidad [&hellip;]<\/p>\n","protected":false},"author":1,"featured_media":2882,"comment_status":"open","ping_status":"open","sticky":false,"template":"","format":"standard","meta":{"site-container-style":"default","site-container-layout":"default","site-sidebar-layout":"default","disable-article-header":"default","disable-site-header":"default","disable-site-footer":"default","disable-content-area-spacing":"default","ngg_post_thumbnail":0,"_joinchat":[],"footnotes":""},"categories":[4,6,12],"tags":[39,129,130,144],"class_list":["post-2713","post","type-post","status-publish","format-standard","has-post-thumbnail","hentry","category-el-despertar","category-los-ninos-de-hoy","category-reflejos-interiores","tag-aura","tag-ninos-dorados","tag-ninos-psiquicos","tag-percepcion"],"_links":{"self":[{"href":"https:\/\/zocalo.cl\/enamoralaverdad\/wp-json\/wp\/v2\/posts\/2713","targetHints":{"allow":["GET"]}}],"collection":[{"href":"https:\/\/zocalo.cl\/enamoralaverdad\/wp-json\/wp\/v2\/posts"}],"about":[{"href":"https:\/\/zocalo.cl\/enamoralaverdad\/wp-json\/wp\/v2\/types\/post"}],"author":[{"embeddable":true,"href":"https:\/\/zocalo.cl\/enamoralaverdad\/wp-json\/wp\/v2\/users\/1"}],"replies":[{"embeddable":true,"href":"https:\/\/zocalo.cl\/enamoralaverdad\/wp-json\/wp\/v2\/comments?post=2713"}],"version-history":[{"count":0,"href":"https:\/\/zocalo.cl\/enamoralaverdad\/wp-json\/wp\/v2\/posts\/2713\/revisions"}],"wp:featuredmedia":[{"embeddable":true,"href":"https:\/\/zocalo.cl\/enamoralaverdad\/wp-json\/wp\/v2\/media\/2882"}],"wp:attachment":[{"href":"https:\/\/zocalo.cl\/enamoralaverdad\/wp-json\/wp\/v2\/media?parent=2713"}],"wp:term":[{"taxonomy":"category","embeddable":true,"href":"https:\/\/zocalo.cl\/enamoralaverdad\/wp-json\/wp\/v2\/categories?post=2713"},{"taxonomy":"post_tag","embeddable":true,"href":"https:\/\/zocalo.cl\/enamoralaverdad\/wp-json\/wp\/v2\/tags?post=2713"}],"curies":[{"name":"wp","href":"https:\/\/api.w.org\/{rel}","templated":true}]}}