{"id":2807,"date":"2018-01-03T21:23:37","date_gmt":"2018-01-04T00:23:37","guid":{"rendered":"http:\/\/www.zocalo.cl\/brujita\/?p=2807"},"modified":"2018-01-03T21:23:37","modified_gmt":"2018-01-04T00:23:37","slug":"emociones-desbordadas","status":"publish","type":"post","link":"https:\/\/zocalo.cl\/enamoralaverdad\/emociones-desbordadas\/","title":{"rendered":"Emociones que nos averg\u00fcenzan"},"content":{"rendered":"<div class=\"\" data-block=\"true\" data-editor=\"ev8g5\" data-offset-key=\"3rn3q-0-0\">\n<p><img loading=\"lazy\" decoding=\"async\" class=\"size-medium wp-image-2808 alignright\" src=\"http:\/\/www.zocalo.cl\/brujita\/\/wp-content\/uploads\/2018\/01\/ira-260x300.jpg\" alt=\"\" width=\"260\" height=\"300\" srcset=\"https:\/\/zocalo.cl\/enamoralaverdad\/wp-content\/uploads\/2018\/01\/ira-260x300.jpg 260w, https:\/\/zocalo.cl\/enamoralaverdad\/wp-content\/uploads\/2018\/01\/ira-768x886.jpg 768w, https:\/\/zocalo.cl\/enamoralaverdad\/wp-content\/uploads\/2018\/01\/ira.jpg 832w\" sizes=\"auto, (max-width: 260px) 100vw, 260px\" \/><\/p>\n<div class=\"_1mf _1mj\" data-offset-key=\"3rn3q-0-0\"><span data-offset-key=\"3rn3q-0-0\">Estas \u00faltimas semanas, d\u00eda tras d\u00eda, me ha tocado acompa\u00f1ar y cobijar a hombres y mujeres en el momento de dejar salir sus emociones ocultas para con algunos familiares.<\/span><\/div>\n<\/div>\n<div class=\"\" data-block=\"true\" data-editor=\"ev8g5\" data-offset-key=\"94dve-0-0\">\n<div class=\"_1mf _1mj\" data-offset-key=\"94dve-0-0\"><span data-offset-key=\"94dve-0-0\">Sesi\u00f3n tras sesi\u00f3n he guiado a personas agotadas y destrozadas: atr\u00e9vete a confesar y decir y vociferar lo que llevas a\u00f1os trag\u00e1ndote&#8230; \u00bfcu\u00e1l es la palabra m\u00e1s fea que le podr\u00edas decir a esa persona?; \u00bftienes ganas de maldecir, insultar?&nbsp;\u00bfQu\u00e9 es lo m\u00e1s terrible que le har\u00edas a esa persona, que se te ha cruzado por la mente?<\/span><\/div>\n<div class=\"_1mf _1mj\" data-offset-key=\"94dve-0-0\"><span data-offset-key=\"94dve-0-0\"> En estos d\u00edas he escuchado a muchos decir por fin lo que no se atrev\u00edan a reconocer que ten\u00edan dentro&#8230; esas emociones guardadas, ocultas, esas que dan verg\u00fcenza&#8230;<\/span><\/div>\n<\/div>\n<div class=\"\" data-block=\"true\" data-editor=\"ev8g5\" data-offset-key=\"48vi8-0-0\">\n<div class=\"_1mf _1mj\" data-offset-key=\"48vi8-0-0\"><span data-offset-key=\"48vi8-0-0\">Personas heridas, maltratadas, ignoradas, vulneradas&#8230; que tienen toda la raz\u00f3n para tener guardada ira asesina, resentimientos arrolladores, amarguras venenosas, resentimientos que destruyen, culpas que carcomen&#8230; personas violadas, violentadas, excluidas&#8230; que necesitan gritar al mundo que odian a su madre o padre&#8230;<\/span><\/div>\n<div data-offset-key=\"48vi8-0-0\">&nbsp;<\/div>\n<\/div>\n<div class=\"\" data-block=\"true\" data-editor=\"ev8g5\" data-offset-key=\"5j1u3-0-0\">\n<div class=\"_1mf _1mj\" data-offset-key=\"5j1u3-0-0\"><span data-offset-key=\"5j1u3-0-0\">Tanto miedo que tenemos a confesarnos lo que realmente sentimos&#8230; <\/span><\/div>\n<\/div>\n<div class=\"\" data-block=\"true\" data-editor=\"ev8g5\" data-offset-key=\"8mfb8-0-0\">\n<div class=\"_1mf _1mj\" data-offset-key=\"8mfb8-0-0\"><span data-offset-key=\"8mfb8-0-0\">Tanto miedo a permitir que esa emoci\u00f3n guardada tantos a\u00f1os se apodere de nuestro cuerpo y salga por fin&#8230; tanto miedo a que esa emoci\u00f3n nos desborde&#8230; tanto miedo a que la tristeza nos inunde, que la ira nos incendie, que la amargura y envidia nos envenene&#8230; que el resentimiento brote dentro de nosotros&#8230;<\/span><\/div>\n<\/div>\n<div class=\"\" data-block=\"true\" data-editor=\"ev8g5\" data-offset-key=\"39avr-0-0\">\n<div class=\"_1mf _1mj\" data-offset-key=\"39avr-0-0\"><span data-offset-key=\"39avr-0-0\">Nadie nos ense\u00f1\u00f3 que lo que resistimos o retenemos se agranda. Que si lo dejamos salir, se va sin consecuencias.<\/span><\/div>\n<\/div>\n<div data-offset-key=\"39avr-0-0\">Y es tan simple&#8230; s\u00f3lo necesitas dejarlo salir para t\u00ed, no hacia el otro. Patea un coj\u00edn, golpea un punching bag hasta que quedes agotado. Escribe todo lo que quieres decir, gritar, vociferar&#8230; y qu\u00e9malo de inmediato&#8230; d\u00e9jalo salir&#8230; desah\u00f3gate. Corre, haz ejercicio, quema la rabia. Llora hasta que quedes con los ojos hinchados, hasta que te sientas un trapo.<br \/>\nDeja que la ira asesina te incendie&#8230; y patea, golpea, rompe algo&#8230; hasta que haya salido una buena parte&#8230; hasta que te sientas calmo\/a.<\/div>\n<div data-offset-key=\"39avr-0-0\">Maldice al universo entero&#8230; blasfema&#8230; lo que te salga&#8230; escribe, quema&#8230; hasta que te calmes.<\/div>\n<div data-offset-key=\"39avr-0-0\">&nbsp;<\/div>\n<div data-offset-key=\"39avr-0-0\">Tienes razones para sentir lo que sientes, y nadie te puede decir que est\u00e1 mal sentirlo. C\u00f3mo no acumular rabia si te golpearon? C\u00f3mo no tener tristeza si te abandonaron? \u00a1C\u00f3mo no tener resentimiento si te traicionaron?<\/div>\n<div data-offset-key=\"39avr-0-0\">&nbsp;<\/div>\n<div data-offset-key=\"39avr-0-0\">Cuando hayas liberado buena parte de lo atorado y guardado por tanto tiempo, te sentir\u00e1s m\u00e1s libre, y tendr\u00e1s m\u00e1s neutralidad para ver qu\u00e9 camino seguir\u00e1s.<\/div>\n<div data-offset-key=\"39avr-0-0\">&nbsp;<\/div>\n<div data-offset-key=\"39avr-0-0\">Recuerda, no hay emociones negativas&#8230; ni la noche es negativa, ni el invierno. Son s\u00f3lo parte de un ciclo.<br \/>\nVinimos a vivir de todo, a experimentarlo todo&#8230; no te juzgues&#8230; todos sentimos tarde o temprano alguna emoci\u00f3n que nos averg\u00fcenza confesar&#8230;<\/div>\n<div data-offset-key=\"39avr-0-0\">&nbsp;<\/div>\n<div data-offset-key=\"39avr-0-0\">Desde mi vida y experiencia, te puedo contar que me hecho amiga y conozco a esa ira asesina que me brota a veces, de ese asco a ciertas personas. No me averg\u00fcenza verbalizarlo, soy un ser humano como cualquier otro&#8230; y soy&nbsp; consciente que la calma me ha ido llegando en la medida que conozco y me hago amiga de mis sombras&#8230;&nbsp;&nbsp;<\/div>\n<p><img loading=\"lazy\" decoding=\"async\" class=\"size-medium wp-image-2817 aligncenter\" src=\"http:\/\/www.zocalo.cl\/brujita\/\/wp-content\/uploads\/2018\/01\/inside-out-300x184.png\" alt=\"\" width=\"300\" height=\"184\" srcset=\"https:\/\/zocalo.cl\/enamoralaverdad\/wp-content\/uploads\/2018\/01\/inside-out-300x184.png 300w, https:\/\/zocalo.cl\/enamoralaverdad\/wp-content\/uploads\/2018\/01\/inside-out.png 555w\" sizes=\"auto, (max-width: 300px) 100vw, 300px\" \/><\/p>\n<div data-offset-key=\"39avr-0-0\">Te invito a hacerte amigo\/a de tus iras, envidias, resentimientos, amarguras, furias, ascos, tristezas, miedos, no los rechaces&#8230; todas ellas tienen un rol en nuestra vida, como tan bien lo muestra la pel\u00edcula Intensamente.<\/div>\n<div data-offset-key=\"39avr-0-0\">&nbsp;<\/div>\n<div data-offset-key=\"39avr-0-0\">Namast\u00e9!<\/div>\n<div data-offset-key=\"39avr-0-0\">&nbsp;<\/div>\n<div data-offset-key=\"39avr-0-0\">&nbsp;<\/div>\n<div data-offset-key=\"39avr-0-0\">&nbsp;<\/div>\n<div data-offset-key=\"39avr-0-0\">&nbsp;<\/div>\n<div class=\"\" data-block=\"true\" data-editor=\"ev8g5\" data-offset-key=\"dakns-0-0\">\n<div class=\"_1mf _1mj\" data-offset-key=\"dakns-0-0\">&nbsp;<\/div>\n<\/div>\n","protected":false},"excerpt":{"rendered":"<p>Estas \u00faltimas semanas, d\u00eda tras d\u00eda, me ha tocado acompa\u00f1ar y cobijar a hombres y mujeres en el momento de dejar salir sus emociones ocultas para con algunos familiares. Sesi\u00f3n tras sesi\u00f3n he guiado a personas agotadas y destrozadas: atr\u00e9vete a confesar y decir y vociferar lo que llevas a\u00f1os trag\u00e1ndote&#8230; \u00bfcu\u00e1l es la palabra [&hellip;]<\/p>\n","protected":false},"author":1,"featured_media":2810,"comment_status":"open","ping_status":"open","sticky":false,"template":"","format":"standard","meta":{"site-container-style":"default","site-container-layout":"default","site-sidebar-layout":"default","disable-article-header":"default","disable-site-header":"default","disable-site-footer":"default","disable-content-area-spacing":"default","ngg_post_thumbnail":0,"_joinchat":[],"footnotes":""},"categories":[12,16],"tags":[51,86,199],"class_list":["post-2807","post","type-post","status-publish","format-standard","has-post-thumbnail","hentry","category-reflejos-interiores","category-vivir-consciente","tag-camino-de-vida","tag-emociones","tag-vivir-consciente"],"_links":{"self":[{"href":"https:\/\/zocalo.cl\/enamoralaverdad\/wp-json\/wp\/v2\/posts\/2807","targetHints":{"allow":["GET"]}}],"collection":[{"href":"https:\/\/zocalo.cl\/enamoralaverdad\/wp-json\/wp\/v2\/posts"}],"about":[{"href":"https:\/\/zocalo.cl\/enamoralaverdad\/wp-json\/wp\/v2\/types\/post"}],"author":[{"embeddable":true,"href":"https:\/\/zocalo.cl\/enamoralaverdad\/wp-json\/wp\/v2\/users\/1"}],"replies":[{"embeddable":true,"href":"https:\/\/zocalo.cl\/enamoralaverdad\/wp-json\/wp\/v2\/comments?post=2807"}],"version-history":[{"count":0,"href":"https:\/\/zocalo.cl\/enamoralaverdad\/wp-json\/wp\/v2\/posts\/2807\/revisions"}],"wp:featuredmedia":[{"embeddable":true,"href":"https:\/\/zocalo.cl\/enamoralaverdad\/wp-json\/wp\/v2\/media\/2810"}],"wp:attachment":[{"href":"https:\/\/zocalo.cl\/enamoralaverdad\/wp-json\/wp\/v2\/media?parent=2807"}],"wp:term":[{"taxonomy":"category","embeddable":true,"href":"https:\/\/zocalo.cl\/enamoralaverdad\/wp-json\/wp\/v2\/categories?post=2807"},{"taxonomy":"post_tag","embeddable":true,"href":"https:\/\/zocalo.cl\/enamoralaverdad\/wp-json\/wp\/v2\/tags?post=2807"}],"curies":[{"name":"wp","href":"https:\/\/api.w.org\/{rel}","templated":true}]}}