{"id":3327,"date":"2019-03-22T21:11:40","date_gmt":"2019-03-23T00:11:40","guid":{"rendered":"http:\/\/www.zocalo.cl\/brujita\/?p=3327"},"modified":"2019-03-22T21:11:40","modified_gmt":"2019-03-23T00:11:40","slug":"hoy-simplemente-hoy","status":"publish","type":"post","link":"https:\/\/zocalo.cl\/enamoralaverdad\/hoy-simplemente-hoy\/","title":{"rendered":"Hoy, simplemente hoy"},"content":{"rendered":"\n<div class=\"wp-block-image\"><figure class=\"alignleft\"><img decoding=\"async\" src=\"http:\/\/www.zocalo.cl\/brujita\/\/wp-content\/uploads\/2019\/03\/sendero-1-319x400.jpg\" alt=\"\" class=\"wp-image-3330\"\/><\/figure><\/div>\n\n\n\n<p>Tiempo que no me daba el espacio para sentarme frente al teclado y escribir de mi proceso. Hoy es ahora\u2026 que estoy en un noveno curso con Adyashanti.<\/p>\n\n\n\n<p>Hoy que estoy con los cables que se me cruzan, que me siento derrumbar, que todo se mueve, que todo cambia, y que me estoy dejando caer en algo que no s\u00e9 qu\u00e9 es pero que he buscado toda mi vida. Hoy que estoy casi en la mitad de un segundo retiro online con este maestro que se me ha hecho tan preciado, y que a\u00fan me falta abrazar en persona.<\/p>\n\n\n\n<p>Hace ya tiempo, luego del primer curso con Adya en el 2013, se me dio vuelta el mundo, cambi\u00f3 mi percepci\u00f3n para siempre, y fui capaz de ver la Unidad y la Magia de la Vida en todo y en todos\u2026 esa vez el proceso fue fuerte, desorientador a ratos, y me pude apoyar en la relectura de su libro El Final de tu Mundo.<br>En ese texto, Adya resume: <em>\u201cNo te equivoques, la iluminaci\u00f3n es un proceso destructivo. No tiene nada que ver con ser mejor o m\u00e1s feliz. La iluminaci\u00f3n es el derrumbamiento de lo que no es verdad. Es ver m\u00e1s all\u00e1 de la fachada del fingimiento. Es la completa erradicaci\u00f3n de todo lo que imagin\u00e1bamos que era verdad.\u201d<\/em><\/p>\n\n\n\n<div class=\"wp-block-image\"><figure class=\"alignright\"><img decoding=\"async\" src=\"http:\/\/www.zocalo.cl\/brujita\/\/wp-content\/uploads\/2019\/03\/expansion-escultura-400x400.jpeg\" alt=\"\" class=\"wp-image-3345\"\/><\/figure><\/div>\n\n\n\n<p>Y vaya que ha sido destructivo\u2026 en el sentido que ya no veo el Mundo, la Vida como antes. Ya desde ese primer curso con Adya supe que hab\u00eda llegado a donde quer\u00eda\u2026 s\u00f3lo que no era una meta, es una ruta, un camino con coraz\u00f3n que recorrer\u00e9 por el resto de mis d\u00edas en cuerpo humano. <br>\nDesde entonces aprend\u00ed a buscar dentro de m\u00ed, cada vez m\u00e1s profundo y de la mano de mi amada meditaci\u00f3n, aprendida en Sat Nam Rasayan. Sin confiar profundamente en la meditaci\u00f3n, no estar\u00eda transitando este camino que exige un reseteo contante, un soltar cotidiano de creencias, ideas, filosof\u00edas, y todos los ismos que creamos los humanos.<\/p>\n\n\n\n<p>Lentamente he ido recorriendo el camino de la Iluminaci\u00f3n (palabra demasiado usada)\u2026 paso a paso he ido adentr\u00e1ndome y dej\u00e1ndome caer en el Silencio, en la Consciencia, en la Claridad, en la Presencia\u2026 en la Verdad.<\/p>\n\n\n\n<p>\u00bfPor qu\u00e9? Ni idea\u2026 es un llamado que he sentido desde que tengo consciencia y al que he acudido con desesperaci\u00f3n, con tozudez y terquedad\u2026 con amor y confianza, y con profunda curiosidad.<br>\nNo recuerdo cuando escuch\u00e9 o le\u00ed por primera vez la palabra\u2026 recuerdo un momento preciso en que me llam\u00f3 la atenci\u00f3n un camino de b\u00fasqueda que vi citado en un libro. Y desde entonces supe qu\u00e9 quer\u00eda\u2026<br>\nY desde el primer curso con Adya, dej\u00e9 de buscar, lo encontr\u00e9 todo: en medio de m\u00ed, en medio de todas partes\u2026 en la Vida entera.<br>\nDesde entonces no he dejado de trabajar, de indagar, de preguntarme, de buscar estar m\u00e1s despierta, m\u00e1s consciente, m\u00e1s\u2026 m\u00e1s\u2026 lo que sea, pero m\u00e1s\u2026<\/p>\n\n\n\n<p>Me llama profundamente la atenci\u00f3n la vibra de algunos maestros: Adyashanti, Jeff Foster, Th\u00edch Nh\u1ea5t H\u1ea1nh, Mooji, Eckhart Tolle, Ram Dass, Ramana\u2026 y otros tantos. Tan transparentes, tan calmos, irradian paz, luz, claridad, consciencia despierta, compasi\u00f3n, aceptaci\u00f3n\u2026 y quiero eso para m\u00ed, en m\u00ed.<\/p>\n\n\n\n<p>Ni idea por qu\u00e9\u2026 s\u00f3lo lo quiero.<\/p>\n\n\n\n<p>Por ah\u00ed dicen los maestros que no es uno el que quiere despertar, es la propia Vida, Tao o Creaci\u00f3n que pugna por despertar y hacerse consciente a trav\u00e9s de uno, y de otros seres. Pugna por experimentarse a s\u00ed misma, y nos crea y nos usa\u2026 casi como t\u00edteres.<br>\nY bueno, he sido un terco t\u00edtere de la Existencia, un tozudo t\u00edtere, imbuido en descubrir qui\u00e9n y qu\u00e9 soy\u2026<br>\nY aqu\u00ed estoy\u2026 aqu\u00ed soy\u2026 hoy soy\u2026 soy.<\/p>\n\n\n\n<div class=\"wp-block-image\"><figure class=\"alignleft\"><img decoding=\"async\" src=\"http:\/\/www.zocalo.cl\/brujita\/\/wp-content\/uploads\/2019\/03\/universo-326x400.jpg\" alt=\"\" class=\"wp-image-3331\"\/><\/figure><\/div>\n\n\n\n<p>Al escribir y releerme me doy cuenta que cuando hice el primer curso vi la Unidad, vi la Magia, me ve\u00eda a m\u00ed misma en otro. Ve\u00eda la Existencia experiment\u00e1ndose a s\u00ed misma: <br><em> \u201c\u2026 la maravilla de la creaci\u00f3n de un paquete de pa\u00f1uelos desechables en el supermercado, y sentir la misma esencia en uno de mis gatos estir\u00e1ndose floja y placenteramente al sol\u2026<br> La misma esencia en mis cicatrices y en el mapa de mi vida, en la vida de un paciente que ha experimentado la muerte de tantos\u2026 en mis historias de pareja, en mi historia de nacimiento\u2026<br> La misma trama de la vida en todo, la misma maravilla de la creaci\u00f3n, la diversidad\u2026 la existencia experiment\u00e1ndose a s\u00ed misma en todo. La existencia en forma de mi gata Mota, rompiendo con sus garras a la existencia hecha cubrecama\u2026 la existencia en forma de Nelson Mandela regresando a la eternidad, en forma de basura que alguien arroja en la calle\u2026\u201d<\/em><\/p>\n\n\n\n<p>Y releo mi texto de hace 6 a\u00f1os\u2026 y noto una peque\u00f1a y gran diferencia\u2026 ahora SIENTO la Existencia experiment\u00e1ndose a s\u00ed misma, en m\u00ed y en todo\u2026 reci\u00e9n me dej\u00e9 caer en este sentir\u2026 es nuevo, es m\u00e1s profundo, es menos mental (y mi gata Mota ya regres\u00f3 a la eternidad).<\/p>\n\n\n\n<p>Y al mismo tiempo, s\u00e9 en mi interior que esta ruta que recorro es sin fin, y es la que siempre dese\u00e9 y busqu\u00e9\u2026 y sin esperarlo, me encontr\u00e9 con la Aceptaci\u00f3n Profunda de la Vida, y con la Compasi\u00f3n\u2026 ambas se han convertido en tremendas compa\u00f1eras de camino.<\/p>\n\n\n\n<p>Meditaci\u00f3n, Silencio, Compasi\u00f3n, Aceptaci\u00f3n, Claridad, Amor, Presencia Consciente, Verdad\u2026 mis grandes gu\u00edas y compa\u00f1eros de camino\u2026 hasta donde nos lleve este gran Camino\u2026<\/p>\n\n\n\n<p>Por ah\u00ed hay un dicho Zen que dice algo as\u00ed: <em>\u201cAntes de estudiar Zen eran monta\u00f1as y r\u00edos. Con el Zen ya no son monta\u00f1as y r\u00edos. Y luego son monta\u00f1as y r\u00edos otra vez.<\/em>\u201d Y c\u00f3mo dice Adya: \u00ab<em>Always being, always becoming.\u00bb<\/em><\/p>\n\n\n\n<p>Namast\u00e9!<\/p>\n\n\n\n<p><em> (quiz\u00e1s no es muy claro mi escrito&#8230; pero es lo que hay hoy) <\/em><\/p>\n\n\n\n<div class=\"wp-block-image\"><figure class=\"aligncenter\"><img decoding=\"async\" src=\"http:\/\/www.zocalo.cl\/brujita\/\/wp-content\/uploads\/2019\/03\/rumi-267x400.jpg\" alt=\"\" class=\"wp-image-3329\"\/><\/figure><\/div>\n","protected":false},"excerpt":{"rendered":"<p>Tiempo que no me daba el espacio para sentarme frente al teclado y escribir de mi proceso. Hoy es ahora\u2026 que estoy en un noveno curso con Adyashanti. Hoy que estoy con los cables que se me cruzan, que me siento derrumbar, que todo se mueve, que todo cambia, y que me estoy dejando caer [&hellip;]<\/p>\n","protected":false},"author":1,"featured_media":3330,"comment_status":"open","ping_status":"open","sticky":false,"template":"","format":"standard","meta":{"site-container-style":"default","site-container-layout":"default","site-sidebar-layout":"default","disable-article-header":"default","disable-site-header":"default","disable-site-footer":"default","disable-content-area-spacing":"default","ngg_post_thumbnail":0,"_joinchat":[],"footnotes":""},"categories":[4,7,12,16],"tags":[24,51,77,100,162],"class_list":["post-3327","post","type-post","status-publish","format-standard","has-post-thumbnail","hentry","category-el-despertar","category-meditacion","category-reflejos-interiores","category-vivir-consciente","tag-adyashanti","tag-camino-de-vida","tag-despertar","tag-iluminacion","tag-sat-nam-rasayan"],"_links":{"self":[{"href":"https:\/\/zocalo.cl\/enamoralaverdad\/wp-json\/wp\/v2\/posts\/3327","targetHints":{"allow":["GET"]}}],"collection":[{"href":"https:\/\/zocalo.cl\/enamoralaverdad\/wp-json\/wp\/v2\/posts"}],"about":[{"href":"https:\/\/zocalo.cl\/enamoralaverdad\/wp-json\/wp\/v2\/types\/post"}],"author":[{"embeddable":true,"href":"https:\/\/zocalo.cl\/enamoralaverdad\/wp-json\/wp\/v2\/users\/1"}],"replies":[{"embeddable":true,"href":"https:\/\/zocalo.cl\/enamoralaverdad\/wp-json\/wp\/v2\/comments?post=3327"}],"version-history":[{"count":0,"href":"https:\/\/zocalo.cl\/enamoralaverdad\/wp-json\/wp\/v2\/posts\/3327\/revisions"}],"wp:featuredmedia":[{"embeddable":true,"href":"https:\/\/zocalo.cl\/enamoralaverdad\/wp-json\/wp\/v2\/media\/3330"}],"wp:attachment":[{"href":"https:\/\/zocalo.cl\/enamoralaverdad\/wp-json\/wp\/v2\/media?parent=3327"}],"wp:term":[{"taxonomy":"category","embeddable":true,"href":"https:\/\/zocalo.cl\/enamoralaverdad\/wp-json\/wp\/v2\/categories?post=3327"},{"taxonomy":"post_tag","embeddable":true,"href":"https:\/\/zocalo.cl\/enamoralaverdad\/wp-json\/wp\/v2\/tags?post=3327"}],"curies":[{"name":"wp","href":"https:\/\/api.w.org\/{rel}","templated":true}]}}