{"id":339,"date":"1998-07-15T16:26:12","date_gmt":"1998-07-15T20:26:12","guid":{"rendered":"http:\/\/www.zocalo.cl\/blog\/?p=339"},"modified":"2020-08-23T20:38:23","modified_gmt":"2020-08-24T00:38:23","slug":"un-particular-viaje-en-tren","status":"publish","type":"post","link":"https:\/\/zocalo.cl\/enamoralaverdad\/un-particular-viaje-en-tren\/","title":{"rendered":"Un particular viaje en tren"},"content":{"rendered":"<p style=\"text-align: right;\"><em>Publicado en el mes de Julio de 1998 en el \u00c1tico<\/em><\/p>\n<p><a href=\"https:\/\/zocalo.cl\/enamoralaverdad\/wp-content\/uploads\/2015\/09\/tren7.jpg\"><img loading=\"lazy\" decoding=\"async\" class=\"size-full wp-image-445 alignleft\" src=\"https:\/\/zocalo.cl\/enamoralaverdad\/wp-content\/uploads\/2015\/09\/tren7.jpg\" alt=\"tren7\" width=\"220\" height=\"201\"><\/a>R\u00edobamba, Ecuador, 5:45 de la madrugada, 2.750 mts de altura&#8230; el fr\u00edo entume hasta los pensamientos futuros&#8230; no por nada le apodan \u00abFr\u00edobamba\u00bb, en honor a las temperaturas irrespetuosas que lo asaltan a uno apenas pone un pie en la ciudad.<\/p>\n<p>En la estaci\u00f3n del Ferrocarril Trasandino, ecuatorianos y extranjeros luchan por conseguir un boleto, los afuerinos deben pagar el doble de la tarifa local.<\/p>\n<p>A las 6:00 AM me instalo en uno de los carros de 1\u00aa clase, asientos de madera con escaso acolchado; sin ba\u00f1o, s\u00f3lo un forado que conecta directo con la l\u00ednea f\u00e9rrea&#8230; los otros carros y la locomotora se pierden en la negrura de la noche, pero se intuye su existencia&#8230; estoy aqu\u00ed porque un ecuatoriano gu\u00eda de turismo indic\u00f3 este viaje en tren como uno de los m\u00e1s espectaculares: bajada desde la sierra hasta la costa, en Guayaquil, descendiendo 3.000 mts de altura en 16 hrs&#8230; y un detalle: el tren se llena, por lo tanto hay que viajar&#8230;. \u00a1en el techo!<\/p>\n<p>Bueno, en realidad se puede encontrar espacio adentro, pero el chiste es hacer el trayecto arriba, al aire, al viento&#8230; sin lluvia, Dios mediante, me dicen; sin nubes&#8230; valga la aclaraci\u00f3n de que en este pa\u00eds se viaja en el techo de los transportes por la escasez de veh\u00edculos de locomoci\u00f3n, sobre todo en las \u00e1reas rurales&#8230; y bueno, los turistas hacen lo mismo, pero por simple amor a la aventura.<\/p>\n<p>Comienza a moverse esta cuncuna mec\u00e1nica, en medio de la oscuridad reinante y de los variados idiomas que se escuchan aqu\u00ed. Primera estaci\u00f3n, Cajabamba, 3.167 mts., una densa neblina apaga la claridad del alba, mientras una familia en plena mudanza sube unos sillones de felpa a un carro plataforma&#8230; \u00a1esto merece una foto!&#8230; bueno, tambi\u00e9n me gano un chinchorrazo descomunal en el zoom de la c\u00e1mara, por saltar las muelas de enganche entre los carros&#8230; \u00a1chuatas!, menos mal que sigue funcionando.<\/p>\n<p><a href=\"https:\/\/zocalo.cl\/enamoralaverdad\/wp-content\/uploads\/2015\/09\/tren2.jpg\"><img loading=\"lazy\" decoding=\"async\" class=\"size-full wp-image-541 alignright\" src=\"https:\/\/zocalo.cl\/enamoralaverdad\/wp-content\/uploads\/2015\/09\/tren2.jpg\" alt=\"tren2\" width=\"220\" height=\"149\"><\/a>A la siguiente estaci\u00f3n, Guamote, hay que encaramarse al techo&#8230; por las escalerillas, trepamos extranjeros varios, con mochilas al hombro y c\u00e1maras al cuello&#8230;. mmmh, \u00bfd\u00f3nde y c\u00f3mo me instalo?; hay un tabl\u00f3n sobre el techo curvo de zinc o algo parecido&#8230; buen lugar para asiento, y puedo amarrar la mochila&#8230; adem\u00e1s hay un reborde donde puedo afirmar los pies&#8230; \u00a1\u00a1\u00a1comienza a moverse el tren!!!&#8230; \u00a1\u00a1hay que sujetarse!!<\/p>\n<p><a href=\"https:\/\/zocalo.cl\/enamoralaverdad\/wp-content\/uploads\/2015\/09\/tren4.jpg\"><img loading=\"lazy\" decoding=\"async\" class=\"alignleft size-full wp-image-543\" src=\"https:\/\/zocalo.cl\/enamoralaverdad\/wp-content\/uploads\/2015\/09\/tren4.jpg\" alt=\"tren4\" width=\"144\" height=\"220\"><\/a>7:30 de la ma\u00f1ana y voy con el alma al viento, cabalgando sobre una cuncuna ruidosa&#8230; un letrero met\u00e1lico pasa demasiado cerca de las cabezas de unos pocos despistados que olvidan d\u00f3nde vamos&#8230; desfilan cerros de verdores lujuriosos, valles, monta\u00f1as, el cielo azul jugando a ocultarse tras nubes voluptuosas&#8230; entre sacudida y sacudida del tren se hace vida social: al lado tengo a un belga y dos suizos, m\u00e1s all\u00e1 cuatro gringos&#8230; chistes en todos los idiomas&#8230; un ecuatoriano gu\u00eda de turismo anuncia que viene un t\u00fanel&#8230; un chistoso disfraza su voz de ambulancia; carcajadas, risas, la adrenalina nos mantiene a todos en un estado de excitaci\u00f3n&#8230; el inspector del tren tambi\u00e9n sube al techo a revisar boletos&#8230; y ese personaje que se acerca, caminando desafiante, erguido&#8230; \u00a1\u00a1\u00a1es un vendedor ambulante!!!<\/p>\n<p>A casi 3.000 mts de altura sucede que se ven nubes desde lejos y a la vuelta siguiente del tren estamos dentro de ellas&#8230; vamos por entre medio de la Cordillera de Los Andes, cerros, monta\u00f1as y masas de rocas, todas vestidas de verde, por el milagro de la lluvia eterna de este clima&#8230; mi nariz sangra de tanto fr\u00edo y de tan poco ox\u00edgeno&#8230; los dedos se me congelan en el obturador de la c\u00e1mara&#8230; por fortuna no llueve, pues ya imagino hacer este trayecto bajo un aguacero demencial, de esos que se suelen descargar en estas latitudes&#8230; hoy el cielo, con su atuendo de nubes desgajadas, permite a estos viajeros ser espectadores del esplendor de las tierras de la sierra ecuatorial.<\/p>\n<p><a href=\"https:\/\/zocalo.cl\/enamoralaverdad\/wp-content\/uploads\/2015\/09\/tren5.jpg\"><img loading=\"lazy\" decoding=\"async\" class=\"alignright size-full wp-image-544\" src=\"https:\/\/zocalo.cl\/enamoralaverdad\/wp-content\/uploads\/2015\/09\/tren5.jpg\" alt=\"tren5\" width=\"131\" height=\"200\"><\/a>Dos estaciones m\u00e1s y llegamos a Alaus\u00ed, a 2.600 mts&#8230; aqu\u00ed s\u00ed que el tren se repleta, nos advierten, no hay que bajarse pues se pierde el lugar&#8230; por las escalerillas laterales de los vagones suben decenas de turistas de todas las edades, cabezas rubias y oscuras van llenando los techos de este tren ins\u00f3lito con aires de cabalgadura&#8230; el carro con los sillones de felpa se llena de carga, y unos cuantos pasajeros se instalan en los c\u00f3modos y mullidos asientos&#8230; un gringo que se hace llamar Goyito me insiste en que debo ser hind\u00fa, por mi color de piel&#8230; de aqu\u00ed nos vamos rumbo a la Nariz del Diablo, dice un ecuatoriano&#8230; \u00bfy qu\u00e9 es eso?&#8230; \u00a1pues ya mismo van a ver!<\/p>\n<p><a href=\"https:\/\/zocalo.cl\/enamoralaverdad\/wp-content\/uploads\/2015\/09\/tren1.jpg\"><img loading=\"lazy\" decoding=\"async\" class=\"alignleft size-full wp-image-540\" src=\"https:\/\/zocalo.cl\/enamoralaverdad\/wp-content\/uploads\/2015\/09\/tren1.jpg\" alt=\"tren1\" width=\"250\" height=\"166\"><\/a>Ahora si que la chacota es cosa seria&#8230; apretujados y sonrientes nos afirmamos entre todos cuando los frenazos del tren son demasiado bruscos&#8230; sujetando mochilas, c\u00e1maras, brazos, comida, bebidas, cigarros encendidos&#8230; pasamos por roquer\u00edos, bordeamos acantilados inescrutables, con nuestros pies colgando hacia el abismo&#8230; todos gritamos como en una monta\u00f1a rusa&#8230; vienen m\u00e1s t\u00faneles, avisan los ecuatorianos, este viene bajo, hay que agacharse&#8230; no les creo&#8230; \u00a1cresta!, alcanzo a esconder mi cabeza&#8230; \u00a1era cierto!&#8230; y no alcanc\u00e9 a tomar una foto&#8230; \u00a1cuidado con la se\u00f1alizaci\u00f3n!&#8230; \u00a1ossssooooo!<\/p>\n<p>Una pareja de ecuatorianos me preguntan si soy chilena&#8230; \u00bfc\u00f3mo lo supieron?&#8230; pues por el acento cantadito, dicen&#8230; \u00a1\u00a1 !!&#8230; \u00bfque acaso has visto a los artistas de la novela rompecoraz\u00f3n?, \u00bfpero as\u00ed en la calle o algo?&#8230; esteee, nop&#8230;. curiosa pregunta&#8230; otra vez me interpelan: \u00bfy eres del colo o de la chile?&#8230; esteee, de ninguno, no me gusta el f\u00fatbol&#8230; y, \u00bfque te parec\u00eda Pinochet?&#8230; un violento sacud\u00f3n interrumpe el interrogatorio: llegamos a un caser\u00edo, desde aqu\u00ed el tren enfila hacia la Nariz del Diablo.<\/p>\n<p><a href=\"https:\/\/zocalo.cl\/enamoralaverdad\/wp-content\/uploads\/2015\/09\/tren6.jpg\"><img loading=\"lazy\" decoding=\"async\" class=\"size-full wp-image-444 alignright\" src=\"https:\/\/zocalo.cl\/enamoralaverdad\/wp-content\/uploads\/2015\/09\/tren6.jpg\" alt=\"tren6\" width=\"146\" height=\"220\"><\/a>Zarandeos varios y empezamos a subir por una pendiente, con la locomotora empujando desde atr\u00e1s&#8230; \u00bfqu\u00e9 mejor momento para cantar y bailar eso de \u00abcachete con cachete y pechito con pechito\u00bb?&#8230; algunos locos se paran sobre el techo inclinado&#8230; el resto sujetamos de donde sea a los intr\u00e9pidos&#8230; las risotadas y los idiomas se mezclan, alem\u00e1n, suizo, ingl\u00e9s, castellano, franc\u00e9s, quechua&#8230; \u00bfpero cu\u00e1l es la famosa Nariz?; no falta el que se\u00f1ala a un individuo cualquiera de nariz prominente&#8230; vamos por una ladera de un valle profundo y verde, al fondo se esboza la silueta de un cerro m\u00e1s, que digamos tiene una forma que sugiere una nariz&#8230; pero, \u00bfla del Diablo?&#8230; m\u00e1s adelante, al mirar hacia atr\u00e1s&#8230; \u00a1ah\u00ed s\u00ed!&#8230; pero ni tanto&#8230; \u00a1en fin!.<\/p>\n<p>El viaje prosigue, y ahora descendemos r\u00e1pidamente, la velocidad del tren aumenta, y el peligro tambi\u00e9n&#8230; es hora de quedarse sentados contando chistes, de compartir experiencias entre viajeros incansables&#8230; \u00bfy qu\u00e9 lugar recomiendas que conozcamos de Chile?, me preguntan; aprovecho de hacer algo de propaganda tur\u00edstica&#8230; mi cabeza reclama por los cambios de altitud, el gringo Goyito insiste: \u00bfno tendr\u00e1s antepasados hind\u00faes?&#8230; \u00a1y dale!&#8230; que no, le digo&#8230; mientras hacemos una cadena de brazos para sujetarnos&#8230; la v\u00eda f\u00e9rrea se desenrolla cuesta abajo hasta que llegamos a Sibambe, donde el tren se descarga un poco y algunos viajeros aprovechan de descender a aliviar vejigas a punto de reventar.<\/p>\n<p><a href=\"https:\/\/zocalo.cl\/enamoralaverdad\/wp-content\/uploads\/2015\/09\/tren3.jpg\"><img loading=\"lazy\" decoding=\"async\" class=\"size-full wp-image-542 alignleft\" src=\"https:\/\/zocalo.cl\/enamoralaverdad\/wp-content\/uploads\/2015\/09\/tren3.jpg\" alt=\"tren3\" width=\"275\" height=\"183\"><\/a>Una estaci\u00f3n m\u00e1s: Chan-Chan, aqu\u00ed me quedo&#8230; 8 hrs. de viaje, hemos descendido a los 1.500 mts&#8230; tambi\u00e9n se baja el amoblado de felpa&#8230; la mayor\u00eda de los turistas siguen viaje hasta Bucay, dos estaciones m\u00e1s adelante&#8230; suben m\u00e1s pasajeros, el tren sigue atestado, con gallinas, chanchos, fardos de pasto, extranjeros y viajeros locales.<\/p>\n<p>De aqu\u00ed salgo en un bus que repta por uno de los costados del valle&#8230; con el coraz\u00f3n alegre, pulmones y nariz heridos, y el pelo tieso me despido de la cuncuna mec\u00e1nica que gusta de ser cabalgada&#8230; desde lo alto le tomo una \u00faltima foto: en su lomo se divisan unos locos sedientos de aventura, como sucede todos los d\u00edas mi\u00e9rcoles en este rinc\u00f3n de Ecuador.<\/p>\n","protected":false},"excerpt":{"rendered":"<p>Publicado en el mes de Julio de 1998 en el \u00c1tico R\u00edobamba, Ecuador, 5:45 de la madrugada, 2.750 mts de altura&#8230; el fr\u00edo entume hasta los pensamientos futuros&#8230; no por nada le apodan \u00abFr\u00edobamba\u00bb, en honor a las temperaturas irrespetuosas que lo asaltan a uno apenas pone un pie en la ciudad. En la estaci\u00f3n [&hellip;]<\/p>\n","protected":false},"author":5,"featured_media":0,"comment_status":"open","ping_status":"closed","sticky":false,"template":"","format":"standard","meta":{"site-container-style":"default","site-container-layout":"default","site-sidebar-layout":"default","disable-article-header":"default","disable-site-header":"default","disable-site-footer":"default","disable-content-area-spacing":"default","ngg_post_thumbnail":0,"_joinchat":[],"footnotes":""},"categories":[214],"tags":[81,191],"class_list":["post-339","post","type-post","status-publish","format-standard","hentry","category-viajando-por-el-samsara","tag-ecuador","tag-viajes"],"_links":{"self":[{"href":"https:\/\/zocalo.cl\/enamoralaverdad\/wp-json\/wp\/v2\/posts\/339","targetHints":{"allow":["GET"]}}],"collection":[{"href":"https:\/\/zocalo.cl\/enamoralaverdad\/wp-json\/wp\/v2\/posts"}],"about":[{"href":"https:\/\/zocalo.cl\/enamoralaverdad\/wp-json\/wp\/v2\/types\/post"}],"author":[{"embeddable":true,"href":"https:\/\/zocalo.cl\/enamoralaverdad\/wp-json\/wp\/v2\/users\/5"}],"replies":[{"embeddable":true,"href":"https:\/\/zocalo.cl\/enamoralaverdad\/wp-json\/wp\/v2\/comments?post=339"}],"version-history":[{"count":0,"href":"https:\/\/zocalo.cl\/enamoralaverdad\/wp-json\/wp\/v2\/posts\/339\/revisions"}],"wp:attachment":[{"href":"https:\/\/zocalo.cl\/enamoralaverdad\/wp-json\/wp\/v2\/media?parent=339"}],"wp:term":[{"taxonomy":"category","embeddable":true,"href":"https:\/\/zocalo.cl\/enamoralaverdad\/wp-json\/wp\/v2\/categories?post=339"},{"taxonomy":"post_tag","embeddable":true,"href":"https:\/\/zocalo.cl\/enamoralaverdad\/wp-json\/wp\/v2\/tags?post=339"}],"curies":[{"name":"wp","href":"https:\/\/api.w.org\/{rel}","templated":true}]}}