{"id":3827,"date":"2020-04-02T19:27:12","date_gmt":"2020-04-02T22:27:12","guid":{"rendered":"http:\/\/www.zocalo.cl\/brujita\/?p=3827"},"modified":"2020-04-02T19:27:12","modified_gmt":"2020-04-02T22:27:12","slug":"soy-autista","status":"publish","type":"post","link":"https:\/\/zocalo.cl\/enamoralaverdad\/soy-autista\/","title":{"rendered":"Soy Autista"},"content":{"rendered":"\n<div class=\"wp-block-image\"><figure class=\"aligncenter size-large\"><img decoding=\"async\" src=\"http:\/\/www.zocalo.cl\/brujita\/wp-content\/uploads\/2020\/04\/autismo-400x400.jpg\" alt=\"\" class=\"wp-image-3828\"\/><\/figure><\/div>\n\n\n\n<p>En el D\u00eda Internacional de la Visibilidad del Autismo:<br><br>SOY AUTISTA<br><br>Uno de los grandes descubrimientos que me trajo el poco amable a\u00f1o del jabal\u00ed (2019) fue el AUTISMO.<br>De la mano del libro de Rudy Simone -Asperger en femenino- comenc\u00e9 el proceso de resignificar mi vida entera.<br>De la mano de textos y videos de Temple Grandin he aprendido del  funcionamiento de mi cerebro visual privilegiado para bucear en las  capas de la mente propia y de otros; es un rasgo muy \u00fatil para una  sanadora y para la meditaci\u00f3n.<br>De la mano de ambas mujeres, descubr\u00ed que mi amada madre y dos de mis maestros son del espectro autista.<br>De la mano de colectivos, comunidades y terapeutas autistas, voy recordando, resignificando y comprendiendo mi vida.<br> <br>En mi coraz\u00f3n&#8230; Siempre he sabido que tengo un sistema operativo, un cableado neurol\u00f3gico distinto a la &#8216;norma&#8217;.<br><br>Mi amada madre siempre se supo distinta, y me cri\u00f3 y educ\u00f3 orgullosa de mis  diferencias, de mi cerebro privilegiado. Ella tambi\u00e9n estaba orgullosa  de no encajar en la norma, y de tener una mente especial.<br><br>Entonces, soy mujer autista hija de mujer autista \ud83d\udc96<br><br>Bendiciones madre amada! Gracias por tanto!<\/p>\n\n\n\n<div class=\"wp-block-image\"><figure class=\"aligncenter size-medium\"><img loading=\"lazy\" decoding=\"async\" width=\"300\" height=\"300\" src=\"http:\/\/www.zocalo.cl\/brujita\/wp-content\/uploads\/2020\/04\/mom-300x300.jpg\" alt=\"\" class=\"wp-image-3829\" srcset=\"https:\/\/zocalo.cl\/enamoralaverdad\/wp-content\/uploads\/2020\/04\/mom-300x300.jpg 300w, https:\/\/zocalo.cl\/enamoralaverdad\/wp-content\/uploads\/2020\/04\/mom-150x150.jpg 150w, https:\/\/zocalo.cl\/enamoralaverdad\/wp-content\/uploads\/2020\/04\/mom.jpg 525w\" sizes=\"auto, (max-width: 300px) 100vw, 300px\" \/><\/figure><\/div>\n\n\n\n<p><br> <br> <a href=\"https:\/\/www.facebook.com\/hashtag\/soyautista?source=feed_text&amp;epa=HASHTAG&amp;__xts__%5B0%5D=68.ARBpIeteQcop0rrkT-Ozq2yCoKBxeyGNOp-LPsCgKCPc9cFoMlnjxEJh3_K5c_m_fj-dvVEcjww08o5rhjxY8dlwfE2q01KNYNVj23juYtVlP-Z94ihYJ2WAqNmnUlDTebeUViBrwIeR5iGNp2tQ7IO4iLInrXhO39zH5K18ZhLyOl24TkR4uRrUBuTXRVwtr3ur4Z8RVFUJ-hBNvXI8ovPaujPcu9nZ3ItT7KYW4C17GBHkJ7zGw1YguqNkMXnmTliXqvatVJlEd_wJfc87gkzfCftpfLN039tenk55HaRVkLatJPN3LjrAy9vB0nCVWeWhEs-IPsfnJ2lSIoO2Z0shmA&amp;__tn__=%2ANK-R\">#soyautista<\/a> <a href=\"https:\/\/www.facebook.com\/hashtag\/diadelavisibilidadautista?source=feed_text&amp;epa=HASHTAG&amp;__xts__%5B0%5D=68.ARBpIeteQcop0rrkT-Ozq2yCoKBxeyGNOp-LPsCgKCPc9cFoMlnjxEJh3_K5c_m_fj-dvVEcjww08o5rhjxY8dlwfE2q01KNYNVj23juYtVlP-Z94ihYJ2WAqNmnUlDTebeUViBrwIeR5iGNp2tQ7IO4iLInrXhO39zH5K18ZhLyOl24TkR4uRrUBuTXRVwtr3ur4Z8RVFUJ-hBNvXI8ovPaujPcu9nZ3ItT7KYW4C17GBHkJ7zGw1YguqNkMXnmTliXqvatVJlEd_wJfc87gkzfCftpfLN039tenk55HaRVkLatJPN3LjrAy9vB0nCVWeWhEs-IPsfnJ2lSIoO2Z0shmA&amp;__tn__=%2ANK-R\">#diadelavisibilidadautista<\/a> <a href=\"https:\/\/www.facebook.com\/hashtag\/asperger?source=feed_text&amp;epa=HASHTAG&amp;__xts__%5B0%5D=68.ARBpIeteQcop0rrkT-Ozq2yCoKBxeyGNOp-LPsCgKCPc9cFoMlnjxEJh3_K5c_m_fj-dvVEcjww08o5rhjxY8dlwfE2q01KNYNVj23juYtVlP-Z94ihYJ2WAqNmnUlDTebeUViBrwIeR5iGNp2tQ7IO4iLInrXhO39zH5K18ZhLyOl24TkR4uRrUBuTXRVwtr3ur4Z8RVFUJ-hBNvXI8ovPaujPcu9nZ3ItT7KYW4C17GBHkJ7zGw1YguqNkMXnmTliXqvatVJlEd_wJfc87gkzfCftpfLN039tenk55HaRVkLatJPN3LjrAy9vB0nCVWeWhEs-IPsfnJ2lSIoO2Z0shmA&amp;__tn__=%2ANK-R\">#asperger<\/a> <a href=\"https:\/\/www.facebook.com\/hashtag\/neurodiversidad?source=feed_text&amp;epa=HASHTAG&amp;__xts__%5B0%5D=68.ARBpIeteQcop0rrkT-Ozq2yCoKBxeyGNOp-LPsCgKCPc9cFoMlnjxEJh3_K5c_m_fj-dvVEcjww08o5rhjxY8dlwfE2q01KNYNVj23juYtVlP-Z94ihYJ2WAqNmnUlDTebeUViBrwIeR5iGNp2tQ7IO4iLInrXhO39zH5K18ZhLyOl24TkR4uRrUBuTXRVwtr3ur4Z8RVFUJ-hBNvXI8ovPaujPcu9nZ3ItT7KYW4C17GBHkJ7zGw1YguqNkMXnmTliXqvatVJlEd_wJfc87gkzfCftpfLN039tenk55HaRVkLatJPN3LjrAy9vB0nCVWeWhEs-IPsfnJ2lSIoO2Z0shmA&amp;__tn__=%2ANK-R\">#neurodiversidad<\/a> <a href=\"https:\/\/www.facebook.com\/hashtag\/neurodivergencia?source=feed_text&amp;epa=HASHTAG&amp;__xts__%5B0%5D=68.ARBpIeteQcop0rrkT-Ozq2yCoKBxeyGNOp-LPsCgKCPc9cFoMlnjxEJh3_K5c_m_fj-dvVEcjww08o5rhjxY8dlwfE2q01KNYNVj23juYtVlP-Z94ihYJ2WAqNmnUlDTebeUViBrwIeR5iGNp2tQ7IO4iLInrXhO39zH5K18ZhLyOl24TkR4uRrUBuTXRVwtr3ur4Z8RVFUJ-hBNvXI8ovPaujPcu9nZ3ItT7KYW4C17GBHkJ7zGw1YguqNkMXnmTliXqvatVJlEd_wJfc87gkzfCftpfLN039tenk55HaRVkLatJPN3LjrAy9vB0nCVWeWhEs-IPsfnJ2lSIoO2Z0shmA&amp;__tn__=%2ANK-R\">#neurodivergencia<\/a> <\/p>\n\n\n\n<p><\/p>\n","protected":false},"excerpt":{"rendered":"<p>En el D\u00eda Internacional de la Visibilidad del Autismo: SOY AUTISTA Uno de los grandes descubrimientos que me trajo el poco amable a\u00f1o del jabal\u00ed (2019) fue el AUTISMO.De la mano del libro de Rudy Simone -Asperger en femenino- comenc\u00e9 el proceso de resignificar mi vida entera.De la mano de textos y videos de Temple [&hellip;]<\/p>\n","protected":false},"author":1,"featured_media":3828,"comment_status":"open","ping_status":"open","sticky":false,"template":"","format":"standard","meta":{"site-container-style":"default","site-container-layout":"default","site-sidebar-layout":"default","disable-article-header":"default","disable-site-header":"default","disable-site-footer":"default","disable-content-area-spacing":"default","ngg_post_thumbnail":0,"_joinchat":[],"footnotes":""},"categories":[3,8,12,16],"tags":[35,40,128],"class_list":["post-3827","post","type-post","status-publish","format-standard","has-post-thumbnail","hentry","category-autismo","category-memorias","category-reflejos-interiores","category-vivir-consciente","tag-asperger","tag-autismo","tag-neurodiversidad"],"_links":{"self":[{"href":"https:\/\/zocalo.cl\/enamoralaverdad\/wp-json\/wp\/v2\/posts\/3827","targetHints":{"allow":["GET"]}}],"collection":[{"href":"https:\/\/zocalo.cl\/enamoralaverdad\/wp-json\/wp\/v2\/posts"}],"about":[{"href":"https:\/\/zocalo.cl\/enamoralaverdad\/wp-json\/wp\/v2\/types\/post"}],"author":[{"embeddable":true,"href":"https:\/\/zocalo.cl\/enamoralaverdad\/wp-json\/wp\/v2\/users\/1"}],"replies":[{"embeddable":true,"href":"https:\/\/zocalo.cl\/enamoralaverdad\/wp-json\/wp\/v2\/comments?post=3827"}],"version-history":[{"count":0,"href":"https:\/\/zocalo.cl\/enamoralaverdad\/wp-json\/wp\/v2\/posts\/3827\/revisions"}],"wp:featuredmedia":[{"embeddable":true,"href":"https:\/\/zocalo.cl\/enamoralaverdad\/wp-json\/wp\/v2\/media\/3828"}],"wp:attachment":[{"href":"https:\/\/zocalo.cl\/enamoralaverdad\/wp-json\/wp\/v2\/media?parent=3827"}],"wp:term":[{"taxonomy":"category","embeddable":true,"href":"https:\/\/zocalo.cl\/enamoralaverdad\/wp-json\/wp\/v2\/categories?post=3827"},{"taxonomy":"post_tag","embeddable":true,"href":"https:\/\/zocalo.cl\/enamoralaverdad\/wp-json\/wp\/v2\/tags?post=3827"}],"curies":[{"name":"wp","href":"https:\/\/api.w.org\/{rel}","templated":true}]}}