{"id":3875,"date":"2020-04-08T17:40:00","date_gmt":"2020-04-08T20:40:00","guid":{"rendered":"http:\/\/www.zocalo.cl\/brujita\/?p=3875"},"modified":"2020-04-08T17:40:00","modified_gmt":"2020-04-08T20:40:00","slug":"atencion-flotante-bipolar","status":"publish","type":"post","link":"https:\/\/zocalo.cl\/enamoralaverdad\/atencion-flotante-bipolar\/","title":{"rendered":"Atenci\u00f3n flotante bipolar"},"content":{"rendered":"\n<p>La atenci\u00f3n flotante, la no concentraci\u00f3n, es un aprendizaje b\u00e1sico de la meditaci\u00f3n. Hace a\u00f1os le\u00ed esta descripci\u00f3n, y entend\u00ed entonces que la meditaci\u00f3n es innata en ellos.<br>.<br>&#8216;Los bipolares suelen estar muy conectados y enlazados con su entorno de una manera muy peculiar e inconfundible: son atentos aunque no concentrados, ligados al contexto pero no al foco, perciben todo y no se demoran en detalles, sintetizan mucho y analizan poco. Este mecanismo les da una perspectiva y un registro de la realidad no habitual y los lleva a arribar a conclusiones (obtenidas por v\u00eda intuitiva) que sorprenden a los otros.<br>Concentrarse les resulta problem\u00e1tico y el esfuerzo que deben realizar para lograrlo aumenta su oscilaci\u00f3n, ya que contrar\u00eda una tendencia natural opuesta y los hace entrar en confusi\u00f3n.<br>.<br>El bipolar est\u00e1 m\u00e1s abierto a experimentar la totalidad de los est\u00edmulos de la realidad que el com\u00fan de las personas. Esto puede acarrear que, por una parte, si se desconoce su modo de pensamiento, se lo considere disperso, cuando en realidad su diafragma perceptivo est\u00e1 muy abierto, y por otra, \u00e9l sea propenso a los \u201cfracasos escolares o laborales\u201d, dado que los requerimientos acad\u00e9micos siguen patrones totalmente distintos de su modo de funcionar. Sin embargo, es bueno tener presente que lo que a los bipolares les falta en concentraci\u00f3n, les sobra en atenci\u00f3n, puesto que, al igual que los disl\u00e9xicos, son \u201catencionales natos\u201d.&#8217;<br>.<br>(Eduardo Grecco, Despertar el don bipolar)<br>.<br><a href=\"https:\/\/www.instagram.com\/explore\/tags\/bipolaridad\/\">#bipolaridad<\/a> <a href=\"https:\/\/www.instagram.com\/explore\/tags\/eldondelabipolaridad\/\">#eldondelabipolaridad<\/a> <a href=\"https:\/\/www.instagram.com\/explore\/tags\/eduardogrecco\/\">#eduardogrecco<\/a> <a href=\"https:\/\/www.instagram.com\/explore\/tags\/neurodiversidad\/\">#neurodiversidad<\/a> <a href=\"https:\/\/www.instagram.com\/explore\/tags\/neurodivergencia\/\">#neurodivergencia<\/a> <a href=\"https:\/\/www.instagram.com\/explore\/tags\/meditaci\u00f3n\/\">#meditaci\u00f3n<\/a> <a href=\"https:\/\/www.instagram.com\/explore\/tags\/mentemeditativa\/\">#mentemeditativa<\/a><\/p>\n\n\n\n<div class=\"wp-block-image\"><figure class=\"aligncenter size-large\"><img decoding=\"async\" src=\"https:\/\/zocalo.cl\/enamoralaverdad\/wp-content\/uploads\/2020\/06\/bipolar-03-400x400-1.jpg\" alt=\"\" class=\"wp-image-3877\"\/><\/figure><\/div>\n\n\n\n<div class=\"wp-block-image\"><figure class=\"aligncenter size-large\"><img decoding=\"async\" src=\"https:\/\/zocalo.cl\/enamoralaverdad\/wp-content\/uploads\/2020\/06\/bipolar-03-400x400-1.jpg\" alt=\"\" class=\"wp-image-3877\"\/><\/figure><\/div>\n","protected":false},"excerpt":{"rendered":"<p>La atenci\u00f3n flotante, la no concentraci\u00f3n, es un aprendizaje b\u00e1sico de la meditaci\u00f3n. Hace a\u00f1os le\u00ed esta descripci\u00f3n, y entend\u00ed entonces que la meditaci\u00f3n es innata en ellos..&#8216;Los bipolares suelen estar muy conectados y enlazados con su entorno de una manera muy peculiar e inconfundible: son atentos aunque no concentrados, ligados al contexto pero no [&hellip;]<\/p>\n","protected":false},"author":1,"featured_media":3876,"comment_status":"open","ping_status":"open","sticky":false,"template":"","format":"standard","meta":{"site-container-style":"default","site-container-layout":"default","site-sidebar-layout":"default","disable-article-header":"default","disable-site-header":"default","disable-site-footer":"default","disable-content-area-spacing":"default","ngg_post_thumbnail":0,"_joinchat":[],"footnotes":""},"categories":[7,9,11,12],"tags":[45,82,84,117,127,128],"class_list":["post-3875","post","type-post","status-publish","format-standard","has-post-thumbnail","hentry","category-meditacion","category-neurodiversidad","category-personas-altamente-sensibles-pas","category-reflejos-interiores","tag-bipolaridad","tag-eduardo-grecco","tag-el-don-de-la-bipolaridad","tag-meditacion","tag-neurodivergencia","tag-neurodiversidad"],"_links":{"self":[{"href":"https:\/\/zocalo.cl\/enamoralaverdad\/wp-json\/wp\/v2\/posts\/3875","targetHints":{"allow":["GET"]}}],"collection":[{"href":"https:\/\/zocalo.cl\/enamoralaverdad\/wp-json\/wp\/v2\/posts"}],"about":[{"href":"https:\/\/zocalo.cl\/enamoralaverdad\/wp-json\/wp\/v2\/types\/post"}],"author":[{"embeddable":true,"href":"https:\/\/zocalo.cl\/enamoralaverdad\/wp-json\/wp\/v2\/users\/1"}],"replies":[{"embeddable":true,"href":"https:\/\/zocalo.cl\/enamoralaverdad\/wp-json\/wp\/v2\/comments?post=3875"}],"version-history":[{"count":0,"href":"https:\/\/zocalo.cl\/enamoralaverdad\/wp-json\/wp\/v2\/posts\/3875\/revisions"}],"wp:featuredmedia":[{"embeddable":true,"href":"https:\/\/zocalo.cl\/enamoralaverdad\/wp-json\/wp\/v2\/media\/3876"}],"wp:attachment":[{"href":"https:\/\/zocalo.cl\/enamoralaverdad\/wp-json\/wp\/v2\/media?parent=3875"}],"wp:term":[{"taxonomy":"category","embeddable":true,"href":"https:\/\/zocalo.cl\/enamoralaverdad\/wp-json\/wp\/v2\/categories?post=3875"},{"taxonomy":"post_tag","embeddable":true,"href":"https:\/\/zocalo.cl\/enamoralaverdad\/wp-json\/wp\/v2\/tags?post=3875"}],"curies":[{"name":"wp","href":"https:\/\/api.w.org\/{rel}","templated":true}]}}