{"id":3893,"date":"2020-07-06T00:37:00","date_gmt":"2020-07-06T03:37:00","guid":{"rendered":"http:\/\/www.zocalo.cl\/brujita\/?p=3893"},"modified":"2020-07-06T00:37:00","modified_gmt":"2020-07-06T03:37:00","slug":"el-origen-de-las-enfermedades","status":"publish","type":"post","link":"https:\/\/zocalo.cl\/enamoralaverdad\/el-origen-de-las-enfermedades\/","title":{"rendered":"El origen de las enfermedades"},"content":{"rendered":"\n<div class=\"wp-block-image\"><figure class=\"aligncenter size-medium\"><img decoding=\"async\" src=\"https:\/\/zocalo.cl\/enamoralaverdad\/wp-content\/uploads\/2020\/07\/enfermedad-300x300-1.jpg\" alt=\"\" class=\"wp-image-3894\"\/><\/figure><\/div>\n\n\n\n<p>Mientras m\u00e1s nos alejamos de nuestra esencia, nuestro prop\u00f3sito; mientras m\u00e1s nos olvidamos de qui\u00e9nes somos, m\u00e1s nos enfermamos.<br>.<br>Que la salud nos acompa\u00f1e a todos!<br>.<br><a href=\"https:\/\/www.instagram.com\/explore\/tags\/salud\/\">#salud<\/a> <a href=\"https:\/\/www.instagram.com\/explore\/tags\/enfermedad\/\">#enfermedad<\/a> <a href=\"https:\/\/www.instagram.com\/explore\/tags\/vidasana\/\">#vidasana<\/a> <a href=\"https:\/\/www.instagram.com\/explore\/tags\/vidaplena\/\">#vidaplena<\/a> <a href=\"https:\/\/www.instagram.com\/explore\/tags\/yosoy\/\">#yosoy<\/a><\/p>\n","protected":false},"excerpt":{"rendered":"<p>Mientras m\u00e1s nos alejamos de nuestra esencia, nuestro prop\u00f3sito; mientras m\u00e1s nos olvidamos de qui\u00e9nes somos, m\u00e1s nos enfermamos..Que la salud nos acompa\u00f1e a todos!.#salud #enfermedad #vidasana #vidaplena #yosoy<\/p>\n","protected":false},"author":1,"featured_media":3894,"comment_status":"open","ping_status":"open","sticky":false,"template":"","format":"standard","meta":{"site-container-style":"default","site-container-layout":"default","site-sidebar-layout":"default","disable-article-header":"default","disable-site-header":"default","disable-site-footer":"default","disable-content-area-spacing":"default","ngg_post_thumbnail":0,"_joinchat":[],"footnotes":""},"categories":[4,11,12,14],"tags":[157,193,194,202],"class_list":["post-3893","post","type-post","status-publish","format-standard","has-post-thumbnail","hentry","category-el-despertar","category-personas-altamente-sensibles-pas","category-reflejos-interiores","category-terapias-energeticas","tag-salud","tag-vida-plena","tag-vida-sana","tag-yo-soy"],"_links":{"self":[{"href":"https:\/\/zocalo.cl\/enamoralaverdad\/wp-json\/wp\/v2\/posts\/3893","targetHints":{"allow":["GET"]}}],"collection":[{"href":"https:\/\/zocalo.cl\/enamoralaverdad\/wp-json\/wp\/v2\/posts"}],"about":[{"href":"https:\/\/zocalo.cl\/enamoralaverdad\/wp-json\/wp\/v2\/types\/post"}],"author":[{"embeddable":true,"href":"https:\/\/zocalo.cl\/enamoralaverdad\/wp-json\/wp\/v2\/users\/1"}],"replies":[{"embeddable":true,"href":"https:\/\/zocalo.cl\/enamoralaverdad\/wp-json\/wp\/v2\/comments?post=3893"}],"version-history":[{"count":0,"href":"https:\/\/zocalo.cl\/enamoralaverdad\/wp-json\/wp\/v2\/posts\/3893\/revisions"}],"wp:featuredmedia":[{"embeddable":true,"href":"https:\/\/zocalo.cl\/enamoralaverdad\/wp-json\/wp\/v2\/media\/3894"}],"wp:attachment":[{"href":"https:\/\/zocalo.cl\/enamoralaverdad\/wp-json\/wp\/v2\/media?parent=3893"}],"wp:term":[{"taxonomy":"category","embeddable":true,"href":"https:\/\/zocalo.cl\/enamoralaverdad\/wp-json\/wp\/v2\/categories?post=3893"},{"taxonomy":"post_tag","embeddable":true,"href":"https:\/\/zocalo.cl\/enamoralaverdad\/wp-json\/wp\/v2\/tags?post=3893"}],"curies":[{"name":"wp","href":"https:\/\/api.w.org\/{rel}","templated":true}]}}