{"id":4231,"date":"2020-12-15T09:23:00","date_gmt":"2020-12-15T13:23:00","guid":{"rendered":"http:\/\/zocalo.cl\/enamoralaverdad\/?p=4231"},"modified":"2020-12-16T09:27:08","modified_gmt":"2020-12-16T13:27:08","slug":"eclipse-solar","status":"publish","type":"post","link":"https:\/\/zocalo.cl\/enamoralaverdad\/eclipse-solar\/","title":{"rendered":"Eclipse solar"},"content":{"rendered":"\n<p>Eclipse&#8230; Vaya que estuvo fuerte la energ\u00eda. Se me apret\u00f3 la cabeza, zumbido de o\u00eddos. Revoltura de est\u00f3mago&#8230;<br>Mientras bajaba la luz, la temperatura, y llegaba una brisa fresca.<br>Peludos inquietos..<br>.<br>La foto es el eclipse visto en la sombra de un \u00e1rbol. El a\u00f1o pasado aprend\u00ed este truco.<br>.<br>Falta que veamos la &#8216;Estrella de Bel\u00e9n&#8217; el otro lunes&#8230; se viene otra era&#8230; se vienen cambios&#8230; \ud83d\ude4f<br>.<br><a href=\"https:\/\/www.instagram.com\/explore\/tags\/eclipse2020\/\">#eclipse2020<\/a>\u00a0<a href=\"https:\/\/www.instagram.com\/explore\/tags\/estrelladebelen\/\">#estrelladebelen<\/a>\u00a0<a href=\"https:\/\/www.instagram.com\/explore\/tags\/findeunaera\/\">#findeunaera<\/a>\u00a0<a href=\"https:\/\/www.instagram.com\/explore\/tags\/cambios\/\">#cambios<\/a>\u00a0<a href=\"https:\/\/www.instagram.com\/explore\/tags\/findeciclo\/\">#findeciclo<\/a><\/p>\n\n\n\n<div class=\"wp-block-image\"><figure class=\"aligncenter size-large is-resized\"><img loading=\"lazy\" decoding=\"async\" src=\"https:\/\/zocalo.cl\/enamoralaverdad\/wp-content\/uploads\/2020\/12\/enamoralaverdad_130726560_1101440840307621_6346707756140953540_n-1024x1024.jpg\" alt=\"\" class=\"wp-image-4218\" width=\"512\" height=\"512\"\/><\/figure><\/div>\n","protected":false},"excerpt":{"rendered":"<p>Eclipse&#8230; Vaya que estuvo fuerte la energ\u00eda. Se me apret\u00f3 la cabeza, zumbido de o\u00eddos. Revoltura de est\u00f3mago&#8230;Mientras bajaba la luz, la temperatura, y llegaba una brisa fresca.Peludos inquietos&#8230;La foto es el eclipse visto en la sombra de un \u00e1rbol. El a\u00f1o pasado aprend\u00ed este truco..Falta que veamos la &#8216;Estrella de Bel\u00e9n&#8217; el otro lunes&#8230; [&hellip;]<\/p>\n","protected":false},"author":1,"featured_media":4218,"comment_status":"open","ping_status":"open","sticky":false,"template":"","format":"standard","meta":{"site-container-style":"default","site-container-layout":"default","site-sidebar-layout":"default","disable-article-header":"default","disable-site-header":"default","disable-site-footer":"default","disable-content-area-spacing":"default","ngg_post_thumbnail":0,"_joinchat":[],"footnotes":""},"categories":[214,16],"tags":[248],"class_list":["post-4231","post","type-post","status-publish","format-standard","has-post-thumbnail","hentry","category-viajando-por-el-samsara","category-vivir-consciente","tag-eclipse"],"_links":{"self":[{"href":"https:\/\/zocalo.cl\/enamoralaverdad\/wp-json\/wp\/v2\/posts\/4231","targetHints":{"allow":["GET"]}}],"collection":[{"href":"https:\/\/zocalo.cl\/enamoralaverdad\/wp-json\/wp\/v2\/posts"}],"about":[{"href":"https:\/\/zocalo.cl\/enamoralaverdad\/wp-json\/wp\/v2\/types\/post"}],"author":[{"embeddable":true,"href":"https:\/\/zocalo.cl\/enamoralaverdad\/wp-json\/wp\/v2\/users\/1"}],"replies":[{"embeddable":true,"href":"https:\/\/zocalo.cl\/enamoralaverdad\/wp-json\/wp\/v2\/comments?post=4231"}],"version-history":[{"count":0,"href":"https:\/\/zocalo.cl\/enamoralaverdad\/wp-json\/wp\/v2\/posts\/4231\/revisions"}],"wp:featuredmedia":[{"embeddable":true,"href":"https:\/\/zocalo.cl\/enamoralaverdad\/wp-json\/wp\/v2\/media\/4218"}],"wp:attachment":[{"href":"https:\/\/zocalo.cl\/enamoralaverdad\/wp-json\/wp\/v2\/media?parent=4231"}],"wp:term":[{"taxonomy":"category","embeddable":true,"href":"https:\/\/zocalo.cl\/enamoralaverdad\/wp-json\/wp\/v2\/categories?post=4231"},{"taxonomy":"post_tag","embeddable":true,"href":"https:\/\/zocalo.cl\/enamoralaverdad\/wp-json\/wp\/v2\/tags?post=4231"}],"curies":[{"name":"wp","href":"https:\/\/api.w.org\/{rel}","templated":true}]}}