{"id":4289,"date":"2021-04-02T16:26:00","date_gmt":"2021-04-02T20:26:00","guid":{"rendered":"http:\/\/zocalo.cl\/enamoralaverdad\/?p=4289"},"modified":"2021-04-09T16:38:14","modified_gmt":"2021-04-09T20:38:14","slug":"soy-autista-2","status":"publish","type":"post","link":"https:\/\/zocalo.cl\/enamoralaverdad\/soy-autista-2\/","title":{"rendered":"Soy autista"},"content":{"rendered":"\n<p>Hoy es el d\u00eda de la visibilizaci\u00f3n del autismo.<br>.<br>Y hoy declaro:<br>.<br>Soy un ser humano neurodivergente, con un cableado neurol\u00f3gico distinto al com\u00fan, lo que hace que hable un idioma un tanto diferente.<br>En culturas originarias fuimos apreciados e incluidos naturalmente en la sociedad.<br>.<br>No sufro un trastorno, no soy rara, no soy histerica, no estoy loca. Digo las cosas de frente, sin adornos. Soy hija de madre autista.<br>Y soy muy h\u00e1bil leyendo la mente humana.<br>.<br>He logrado hacer mi vida, tengo pareja, tengo muy buenos amigos (autistas), tengo profesi\u00f3n y ocupaci\u00f3n. Y todo me ha costado un esfuerzo monumental, que solo ahora con el diagn\u00f3stico logro dimensionar.<br>.<br>Mi condici\u00f3n de nacimiento NO es un trastorno.<br>.<br>2 de abril, d\u00eda de la visibilizaci\u00f3n del autismo.<br>.<br><a href=\"https:\/\/www.instagram.com\/explore\/tags\/soyautista\/\">#soyautista<\/a> <a href=\"https:\/\/www.instagram.com\/explore\/tags\/autista\/\">#autista<\/a> <a href=\"https:\/\/www.instagram.com\/explore\/tags\/autismo\/\">#autismo<\/a> <a href=\"https:\/\/www.instagram.com\/explore\/tags\/diadelavisibilidadautista\/\">#diadelavisibilidadautista<\/a> <a href=\"https:\/\/www.instagram.com\/explore\/tags\/asperger\/\">#asperger<\/a> <a href=\"https:\/\/www.instagram.com\/explore\/tags\/neurodiversidad\/\">#neurodiversidad<\/a> <a href=\"https:\/\/www.instagram.com\/explore\/tags\/neurodivergencia\/\">#neurodivergencia<\/a><\/p>\n\n\n\n<div class=\"wp-block-image\"><figure class=\"aligncenter size-large is-resized\"><img loading=\"lazy\" decoding=\"async\" src=\"https:\/\/zocalo.cl\/enamoralaverdad\/wp-content\/uploads\/2021\/04\/soy-autista-1024x1024.jpg\" alt=\"\" class=\"wp-image-4290\" width=\"500\" height=\"500\"\/><\/figure><\/div>\n","protected":false},"excerpt":{"rendered":"<p>Hoy es el d\u00eda de la visibilizaci\u00f3n del autismo..Y hoy declaro:.Soy un ser humano neurodivergente, con un cableado neurol\u00f3gico distinto al com\u00fan, lo que hace que hable un idioma un tanto diferente.En culturas originarias fuimos apreciados e incluidos naturalmente en la sociedad..No sufro un trastorno, no soy rara, no soy histerica, no estoy loca. Digo [&hellip;]<\/p>\n","protected":false},"author":1,"featured_media":4290,"comment_status":"open","ping_status":"open","sticky":false,"template":"","format":"standard","meta":{"site-container-style":"default","site-container-layout":"default","site-sidebar-layout":"default","disable-article-header":"default","disable-site-header":"default","disable-site-footer":"default","disable-content-area-spacing":"default","ngg_post_thumbnail":0,"_joinchat":[],"footnotes":""},"categories":[3,208,9,16],"tags":[],"class_list":["post-4289","post","type-post","status-publish","format-standard","has-post-thumbnail","hentry","category-autismo","category-camino-de-vida","category-neurodiversidad","category-vivir-consciente"],"_links":{"self":[{"href":"https:\/\/zocalo.cl\/enamoralaverdad\/wp-json\/wp\/v2\/posts\/4289","targetHints":{"allow":["GET"]}}],"collection":[{"href":"https:\/\/zocalo.cl\/enamoralaverdad\/wp-json\/wp\/v2\/posts"}],"about":[{"href":"https:\/\/zocalo.cl\/enamoralaverdad\/wp-json\/wp\/v2\/types\/post"}],"author":[{"embeddable":true,"href":"https:\/\/zocalo.cl\/enamoralaverdad\/wp-json\/wp\/v2\/users\/1"}],"replies":[{"embeddable":true,"href":"https:\/\/zocalo.cl\/enamoralaverdad\/wp-json\/wp\/v2\/comments?post=4289"}],"version-history":[{"count":0,"href":"https:\/\/zocalo.cl\/enamoralaverdad\/wp-json\/wp\/v2\/posts\/4289\/revisions"}],"wp:featuredmedia":[{"embeddable":true,"href":"https:\/\/zocalo.cl\/enamoralaverdad\/wp-json\/wp\/v2\/media\/4290"}],"wp:attachment":[{"href":"https:\/\/zocalo.cl\/enamoralaverdad\/wp-json\/wp\/v2\/media?parent=4289"}],"wp:term":[{"taxonomy":"category","embeddable":true,"href":"https:\/\/zocalo.cl\/enamoralaverdad\/wp-json\/wp\/v2\/categories?post=4289"},{"taxonomy":"post_tag","embeddable":true,"href":"https:\/\/zocalo.cl\/enamoralaverdad\/wp-json\/wp\/v2\/tags?post=4289"}],"curies":[{"name":"wp","href":"https:\/\/api.w.org\/{rel}","templated":true}]}}