{"id":4489,"date":"2022-02-25T15:16:00","date_gmt":"2022-02-25T19:16:00","guid":{"rendered":"http:\/\/zocalo.cl\/enamoralaverdad\/?p=4489"},"modified":"2024-10-24T10:51:14","modified_gmt":"2024-10-24T14:51:14","slug":"soy-autista-5","status":"publish","type":"post","link":"https:\/\/zocalo.cl\/enamoralaverdad\/soy-autista-5\/","title":{"rendered":"Soy Autista"},"content":{"rendered":"\n<p>De las cosas que me impactaron tras mi diagn\u00f3stico -aparte de la cantidad de gente que me dijo que no pod\u00eda serlo, porque estudi\u00e9 me cas\u00e9, soy &#8216;sociable&#8217;- fue el desinter\u00e9s de familiares y amistades en indagar en qu\u00e9 implicaba para m\u00ed el diagn\u00f3stico.<br>Preguntaron si significaba que yo no era la misma persona, si hab\u00eda mentido&#8230; pero no me dieron espacio para hablar de las m\u00e1scaras, del esfuerzo brutal por encajar. No me escucharon cuando quise contar del alivio magn\u00edfico de dejar de esforzarme, de dejar de ponerme un disfraz que ni siquiera sab\u00eda que usaba.<br>Muchos de mis cercanos fueron ciegos a todo lo que se movi\u00f3 en m\u00ed al tener por fin la explicaci\u00f3n de todos mis problemas y atascos de la Vida.<br>Producto de esto, mi c\u00edrculo social se redujo much\u00edsimo&#8230; ahora tengo cerca s\u00f3lo a los que cuentan realmente&#8230; a esos que me escuchan, me acompa\u00f1an. Esos que me apoyan en la visibilizaci\u00f3n del autismo en mujeres adultas.<br>Me qued\u00e9 con los que realmente ME VEN.<br>.<br><a href=\"https:\/\/www.instagram.com\/explore\/tags\/soyautista\/\">#soyautista<\/a>\u00a0<a href=\"https:\/\/www.instagram.com\/explore\/tags\/autismo\/\">#autismo<\/a>\u00a0<a href=\"https:\/\/www.instagram.com\/explore\/tags\/mujerautista\/\">#mujerautista<\/a>\u00a0<a href=\"https:\/\/www.instagram.com\/explore\/tags\/diagnosticotardio\/\">#diagnosticotardio<\/a>\u00a0<a href=\"https:\/\/www.instagram.com\/explore\/tags\/autisticpride\/\">#autisticpride<\/a>\u00a0<a href=\"https:\/\/www.instagram.com\/explore\/tags\/neurodivergencia\/\">#neurodivergencia<\/a>\u00a0<a href=\"https:\/\/www.instagram.com\/explore\/tags\/neurodiversidad\/\">#neurodiversidad<\/a><\/p>\n\n\n\n<div class=\"wp-block-image\"><figure class=\"aligncenter size-large is-resized\"><img loading=\"lazy\" decoding=\"async\" src=\"https:\/\/zocalo.cl\/enamoralaverdad\/wp-content\/uploads\/2022\/03\/post-diagnostico-1024x1024.jpg\" alt=\"\" class=\"wp-image-4484\" width=\"512\" height=\"512\" srcset=\"https:\/\/zocalo.cl\/enamoralaverdad\/wp-content\/uploads\/2022\/03\/post-diagnostico-1024x1024.jpg 1024w, https:\/\/zocalo.cl\/enamoralaverdad\/wp-content\/uploads\/2022\/03\/post-diagnostico-300x300.jpg 300w, https:\/\/zocalo.cl\/enamoralaverdad\/wp-content\/uploads\/2022\/03\/post-diagnostico-150x150.jpg 150w, https:\/\/zocalo.cl\/enamoralaverdad\/wp-content\/uploads\/2022\/03\/post-diagnostico-768x768.jpg 768w, https:\/\/zocalo.cl\/enamoralaverdad\/wp-content\/uploads\/2022\/03\/post-diagnostico-1536x1536.jpg 1536w, https:\/\/zocalo.cl\/enamoralaverdad\/wp-content\/uploads\/2022\/03\/post-diagnostico-270x270.jpg 270w, https:\/\/zocalo.cl\/enamoralaverdad\/wp-content\/uploads\/2022\/03\/post-diagnostico-230x230.jpg 230w, https:\/\/zocalo.cl\/enamoralaverdad\/wp-content\/uploads\/2022\/03\/post-diagnostico.jpg 2000w\" sizes=\"auto, (max-width: 512px) 100vw, 512px\" \/><\/figure><\/div>\n","protected":false},"excerpt":{"rendered":"<p>De las cosas que me impactaron tras mi diagn\u00f3stico -aparte de la cantidad de gente que me dijo que no pod\u00eda serlo, porque estudi\u00e9 me cas\u00e9, soy &#8216;sociable&#8217;- fue el desinter\u00e9s de familiares y amistades en indagar en qu\u00e9 implicaba para m\u00ed el diagn\u00f3stico.Preguntaron si significaba que yo no era la misma persona, si hab\u00eda [&hellip;]<\/p>\n","protected":false},"author":1,"featured_media":4484,"comment_status":"open","ping_status":"open","sticky":false,"template":"","format":"standard","meta":{"site-container-style":"default","site-container-layout":"default","site-sidebar-layout":"default","disable-article-header":"default","disable-site-header":"default","disable-site-footer":"default","disable-content-area-spacing":"default","ngg_post_thumbnail":0,"_joinchat":[],"footnotes":""},"categories":[3,208,250,9,11,12,213,16],"tags":[],"class_list":["post-4489","post","type-post","status-publish","format-standard","has-post-thumbnail","hentry","category-autismo","category-camino-de-vida","category-divergencias","category-neurodiversidad","category-personas-altamente-sensibles-pas","category-reflejos-interiores","category-tropezones","category-vivir-consciente"],"_links":{"self":[{"href":"https:\/\/zocalo.cl\/enamoralaverdad\/wp-json\/wp\/v2\/posts\/4489","targetHints":{"allow":["GET"]}}],"collection":[{"href":"https:\/\/zocalo.cl\/enamoralaverdad\/wp-json\/wp\/v2\/posts"}],"about":[{"href":"https:\/\/zocalo.cl\/enamoralaverdad\/wp-json\/wp\/v2\/types\/post"}],"author":[{"embeddable":true,"href":"https:\/\/zocalo.cl\/enamoralaverdad\/wp-json\/wp\/v2\/users\/1"}],"replies":[{"embeddable":true,"href":"https:\/\/zocalo.cl\/enamoralaverdad\/wp-json\/wp\/v2\/comments?post=4489"}],"version-history":[{"count":0,"href":"https:\/\/zocalo.cl\/enamoralaverdad\/wp-json\/wp\/v2\/posts\/4489\/revisions"}],"wp:featuredmedia":[{"embeddable":true,"href":"https:\/\/zocalo.cl\/enamoralaverdad\/wp-json\/wp\/v2\/media\/4484"}],"wp:attachment":[{"href":"https:\/\/zocalo.cl\/enamoralaverdad\/wp-json\/wp\/v2\/media?parent=4489"}],"wp:term":[{"taxonomy":"category","embeddable":true,"href":"https:\/\/zocalo.cl\/enamoralaverdad\/wp-json\/wp\/v2\/categories?post=4489"},{"taxonomy":"post_tag","embeddable":true,"href":"https:\/\/zocalo.cl\/enamoralaverdad\/wp-json\/wp\/v2\/tags?post=4489"}],"curies":[{"name":"wp","href":"https:\/\/api.w.org\/{rel}","templated":true}]}}