{"id":4560,"date":"2022-06-23T10:14:09","date_gmt":"2022-06-23T14:14:09","guid":{"rendered":"https:\/\/zocalo.cl\/enamoralaverdad\/?p=4560"},"modified":"2022-08-11T16:11:08","modified_gmt":"2022-08-11T20:11:08","slug":"incomunicacion-2","status":"publish","type":"post","link":"https:\/\/zocalo.cl\/enamoralaverdad\/incomunicacion-2\/","title":{"rendered":"Incomunicaci\u00f3n y Autismo"},"content":{"rendered":"\n<p>Hay una teor\u00eda que me gusta mucho sobre la comunicaci\u00f3n autistas-neurot\u00edpicos. Dice que el problema comunicacional surge cuando hay grupos mixtos, porque hablamos un idioma ligeramente distinto. Es algo que he sentido toda mi vida.<br>Por estos d\u00edas tuve un impasse por una historia en la que escrib\u00ed que por mi autismo la comunicaci\u00f3n interespecies me sale natural.<br>Y quise decir exactamente eso&#8230; pero interpretaron que me siento superior por mi habilidad y varias cosas m\u00e1s.<br>El punto es&#8230; que los autistas no hablamos con segundo sentidos, ni en iron\u00edas, ni en sentido figurado.<br>Por eso nos acusan de brutos, duros y rudos para hablar, porque decimos las cosas sin adornos, sin disfraz.<br>La segunda intenci\u00f3n que leen en nuestras palabras es del receptor neurot\u00edpico, no de un autista. Y cansa vivirlo una y otra vez!<br>(extra\u00f1o a mi dragona)<br>.<br><a href=\"https:\/\/www.instagram.com\/explore\/tags\/autismo\/\">#autismo<\/a><a href=\"https:\/\/www.instagram.com\/explore\/tags\/incomunicacion\/\">#incomunicacion<\/a><a href=\"https:\/\/www.instagram.com\/explore\/tags\/incomunicacionautista\/\">#incomunicacionautista<\/a><a href=\"https:\/\/www.instagram.com\/explore\/tags\/malentendidos\/\">#malentendidos<\/a><\/p>\n\n\n\n<figure class=\"wp-block-image aligncenter size-large is-resized\"><img loading=\"lazy\" decoding=\"async\" src=\"https:\/\/zocalo.cl\/enamoralaverdad\/wp-content\/uploads\/2022\/06\/incomunicacion-1024x1024.jpg\" alt=\"\" class=\"wp-image-4561\" width=\"512\" height=\"512\" srcset=\"https:\/\/zocalo.cl\/enamoralaverdad\/wp-content\/uploads\/2022\/06\/incomunicacion-1024x1024.jpg 1024w, https:\/\/zocalo.cl\/enamoralaverdad\/wp-content\/uploads\/2022\/06\/incomunicacion-300x300.jpg 300w, https:\/\/zocalo.cl\/enamoralaverdad\/wp-content\/uploads\/2022\/06\/incomunicacion-150x150.jpg 150w, https:\/\/zocalo.cl\/enamoralaverdad\/wp-content\/uploads\/2022\/06\/incomunicacion-768x768.jpg 768w, https:\/\/zocalo.cl\/enamoralaverdad\/wp-content\/uploads\/2022\/06\/incomunicacion-1536x1536.jpg 1536w, https:\/\/zocalo.cl\/enamoralaverdad\/wp-content\/uploads\/2022\/06\/incomunicacion-270x270.jpg 270w, https:\/\/zocalo.cl\/enamoralaverdad\/wp-content\/uploads\/2022\/06\/incomunicacion-230x230.jpg 230w, https:\/\/zocalo.cl\/enamoralaverdad\/wp-content\/uploads\/2022\/06\/incomunicacion.jpg 2000w\" sizes=\"auto, (max-width: 512px) 100vw, 512px\" \/><\/figure>\n","protected":false},"excerpt":{"rendered":"<p>Hay una teor\u00eda que me gusta mucho sobre la comunicaci\u00f3n autistas-neurot\u00edpicos. Dice que el problema comunicacional surge cuando hay grupos mixtos, porque hablamos un idioma ligeramente distinto. Es algo que he sentido toda mi vida.Por estos d\u00edas tuve un impasse por una historia en la que escrib\u00ed que por mi autismo la comunicaci\u00f3n interespecies me [&hellip;]<\/p>\n","protected":false},"author":1,"featured_media":4561,"comment_status":"open","ping_status":"open","sticky":false,"template":"","format":"standard","meta":{"site-container-style":"default","site-container-layout":"default","site-sidebar-layout":"default","disable-article-header":"default","disable-site-header":"default","disable-site-footer":"default","disable-content-area-spacing":"default","ngg_post_thumbnail":0,"_joinchat":[],"footnotes":""},"categories":[3,208,255,250,4,9,12,213,214,16],"tags":[],"class_list":["post-4560","post","type-post","status-publish","format-standard","has-post-thumbnail","hentry","category-autismo","category-camino-de-vida","category-comunicacion-interespecies","category-divergencias","category-el-despertar","category-neurodiversidad","category-reflejos-interiores","category-tropezones","category-viajando-por-el-samsara","category-vivir-consciente"],"_links":{"self":[{"href":"https:\/\/zocalo.cl\/enamoralaverdad\/wp-json\/wp\/v2\/posts\/4560","targetHints":{"allow":["GET"]}}],"collection":[{"href":"https:\/\/zocalo.cl\/enamoralaverdad\/wp-json\/wp\/v2\/posts"}],"about":[{"href":"https:\/\/zocalo.cl\/enamoralaverdad\/wp-json\/wp\/v2\/types\/post"}],"author":[{"embeddable":true,"href":"https:\/\/zocalo.cl\/enamoralaverdad\/wp-json\/wp\/v2\/users\/1"}],"replies":[{"embeddable":true,"href":"https:\/\/zocalo.cl\/enamoralaverdad\/wp-json\/wp\/v2\/comments?post=4560"}],"version-history":[{"count":0,"href":"https:\/\/zocalo.cl\/enamoralaverdad\/wp-json\/wp\/v2\/posts\/4560\/revisions"}],"wp:featuredmedia":[{"embeddable":true,"href":"https:\/\/zocalo.cl\/enamoralaverdad\/wp-json\/wp\/v2\/media\/4561"}],"wp:attachment":[{"href":"https:\/\/zocalo.cl\/enamoralaverdad\/wp-json\/wp\/v2\/media?parent=4560"}],"wp:term":[{"taxonomy":"category","embeddable":true,"href":"https:\/\/zocalo.cl\/enamoralaverdad\/wp-json\/wp\/v2\/categories?post=4560"},{"taxonomy":"post_tag","embeddable":true,"href":"https:\/\/zocalo.cl\/enamoralaverdad\/wp-json\/wp\/v2\/tags?post=4560"}],"curies":[{"name":"wp","href":"https:\/\/api.w.org\/{rel}","templated":true}]}}