{"id":4578,"date":"2022-08-09T14:30:00","date_gmt":"2022-08-09T18:30:00","guid":{"rendered":"https:\/\/zocalo.cl\/enamoralaverdad\/?p=4578"},"modified":"2022-08-10T14:32:35","modified_gmt":"2022-08-10T18:32:35","slug":"pirata","status":"publish","type":"post","link":"https:\/\/zocalo.cl\/enamoralaverdad\/pirata\/","title":{"rendered":"Pirata"},"content":{"rendered":"\n<p>El dulce Pirata, con su lunar coqueto, sus abrazos y sus besitos de nariz h\u00fameda.<br>Lo recog\u00ed de la calle de mi consulta, nunca entend\u00ed por qu\u00e9 lo abandonaron, era muy regal\u00f3n, ven\u00eda bien alimentado, pelo brillante, de 3 meses.<br>Fu\u00e9 el gato m\u00e1s caro de mi vida, bot\u00f3 a Manchita por una ventana de 3er piso (doble fractura y luxaci\u00f3n de cadera). Hizo obstrucci\u00f3n urinaria brutal a sus 8 a\u00f1os. Y finamente se lo llev\u00f3 la insuficiencia renal, la lipidosis hep\u00e1tica y su negativa rotunda a tomar medicamentos alop\u00e1ticos, pues lo hac\u00edan sentir miserable. Prefiri\u00f3 dejarse morir.<br>Yo iba sintiendo en mis ri\u00f1ones c\u00f3mo se deterioraban los de \u00e9l, pero la Vida y sus remolinos me hicieron postergar llevarlo a veterinario, hasta que fue muy tarde&#8230; o simplemente as\u00ed decidi\u00f3 \u00e9l que partir\u00eda&#8230; se fue en los brazos de su humano favorito, lo acompa\u00f1amos todo su \u00faltimo d\u00eda&#8230; Y ese d\u00eda conocimos a Saphira.<br>Doli\u00f3&#8230; doli\u00f3 horrores.. s\u00f3lo ten\u00eda 10 a\u00f1os&#8230;<br>Y \u00e9l vino noche tras noche -por semanas-, a acompa\u00f1arme por el pasillo a botar la basura, como lo hac\u00eda en vida cada noche.<br>Y me soplaba al o\u00eddo: &#8216;todo fue perfecto humana, me amaron, los am\u00e9, viv\u00ed feliz bajo techo. Y me fui cuando ten\u00eda que irme, en mis t\u00e9rminos&#8217;.<br>En cada cambio de casa, se las arregla para mostrar que nos sigue, sabe d\u00f3nde estamos, y nos hace notar su presencia si vino de visita.<br>.<br><a href=\"https:\/\/www.instagram.com\/explore\/tags\/gatos\/\">#gatos<\/a>\u00a0<a href=\"https:\/\/www.instagram.com\/explore\/tags\/compa%C3%B1erosfelinos\/\">#compa\u00f1erosfelinos<\/a>\u00a0<a href=\"https:\/\/www.instagram.com\/explore\/tags\/compa%C3%B1erosdevida\/\">#compa\u00f1erosdevida<\/a>\u00a0<a href=\"https:\/\/www.instagram.com\/explore\/tags\/comunicaci%C3%B3ninterespecies\/\">#comunicaci\u00f3ninterespecies<\/a>\u00a0<a href=\"https:\/\/www.instagram.com\/explore\/tags\/duelo\/\">#duelo<\/a>\u00a0<a href=\"https:\/\/www.instagram.com\/explore\/tags\/dueloanimal\/\">#dueloanimal<\/a>\u00a0<a href=\"https:\/\/www.instagram.com\/explore\/tags\/douladelalma\/\">#douladelalma<\/a><\/p>\n\n\n\n<figure class=\"wp-block-image aligncenter size-medium\"><img loading=\"lazy\" decoding=\"async\" width=\"300\" height=\"300\" src=\"https:\/\/zocalo.cl\/enamoralaverdad\/wp-content\/uploads\/2022\/08\/Pirata-300x300.jpg\" alt=\"\" class=\"wp-image-4579\" srcset=\"https:\/\/zocalo.cl\/enamoralaverdad\/wp-content\/uploads\/2022\/08\/Pirata-300x300.jpg 300w, https:\/\/zocalo.cl\/enamoralaverdad\/wp-content\/uploads\/2022\/08\/Pirata-1024x1024.jpg 1024w, https:\/\/zocalo.cl\/enamoralaverdad\/wp-content\/uploads\/2022\/08\/Pirata-150x150.jpg 150w, https:\/\/zocalo.cl\/enamoralaverdad\/wp-content\/uploads\/2022\/08\/Pirata-768x768.jpg 768w, https:\/\/zocalo.cl\/enamoralaverdad\/wp-content\/uploads\/2022\/08\/Pirata-1536x1536.jpg 1536w, https:\/\/zocalo.cl\/enamoralaverdad\/wp-content\/uploads\/2022\/08\/Pirata-270x270.jpg 270w, https:\/\/zocalo.cl\/enamoralaverdad\/wp-content\/uploads\/2022\/08\/Pirata-230x230.jpg 230w, https:\/\/zocalo.cl\/enamoralaverdad\/wp-content\/uploads\/2022\/08\/Pirata.jpg 2000w\" sizes=\"auto, (max-width: 300px) 100vw, 300px\" \/><\/figure>\n","protected":false},"excerpt":{"rendered":"<p>El dulce Pirata, con su lunar coqueto, sus abrazos y sus besitos de nariz h\u00fameda.Lo recog\u00ed de la calle de mi consulta, nunca entend\u00ed por qu\u00e9 lo abandonaron, era muy regal\u00f3n, ven\u00eda bien alimentado, pelo brillante, de 3 meses.Fu\u00e9 el gato m\u00e1s caro de mi vida, bot\u00f3 a Manchita por una ventana de 3er piso [&hellip;]<\/p>\n","protected":false},"author":1,"featured_media":4579,"comment_status":"open","ping_status":"open","sticky":false,"template":"","format":"standard","meta":{"site-container-style":"default","site-container-layout":"default","site-sidebar-layout":"default","disable-article-header":"default","disable-site-header":"default","disable-site-footer":"default","disable-content-area-spacing":"default","ngg_post_thumbnail":0,"_joinchat":[],"footnotes":""},"categories":[208,209,255,12,216,16],"tags":[],"class_list":["post-4578","post","type-post","status-publish","format-standard","has-post-thumbnail","hentry","category-camino-de-vida","category-canalizaciones","category-comunicacion-interespecies","category-reflejos-interiores","category-sanaciones","category-vivir-consciente"],"_links":{"self":[{"href":"https:\/\/zocalo.cl\/enamoralaverdad\/wp-json\/wp\/v2\/posts\/4578","targetHints":{"allow":["GET"]}}],"collection":[{"href":"https:\/\/zocalo.cl\/enamoralaverdad\/wp-json\/wp\/v2\/posts"}],"about":[{"href":"https:\/\/zocalo.cl\/enamoralaverdad\/wp-json\/wp\/v2\/types\/post"}],"author":[{"embeddable":true,"href":"https:\/\/zocalo.cl\/enamoralaverdad\/wp-json\/wp\/v2\/users\/1"}],"replies":[{"embeddable":true,"href":"https:\/\/zocalo.cl\/enamoralaverdad\/wp-json\/wp\/v2\/comments?post=4578"}],"version-history":[{"count":0,"href":"https:\/\/zocalo.cl\/enamoralaverdad\/wp-json\/wp\/v2\/posts\/4578\/revisions"}],"wp:featuredmedia":[{"embeddable":true,"href":"https:\/\/zocalo.cl\/enamoralaverdad\/wp-json\/wp\/v2\/media\/4579"}],"wp:attachment":[{"href":"https:\/\/zocalo.cl\/enamoralaverdad\/wp-json\/wp\/v2\/media?parent=4578"}],"wp:term":[{"taxonomy":"category","embeddable":true,"href":"https:\/\/zocalo.cl\/enamoralaverdad\/wp-json\/wp\/v2\/categories?post=4578"},{"taxonomy":"post_tag","embeddable":true,"href":"https:\/\/zocalo.cl\/enamoralaverdad\/wp-json\/wp\/v2\/tags?post=4578"}],"curies":[{"name":"wp","href":"https:\/\/api.w.org\/{rel}","templated":true}]}}