{"id":4715,"date":"2023-02-25T11:02:29","date_gmt":"2023-02-25T15:02:29","guid":{"rendered":"https:\/\/zocalo.cl\/enamoralaverdad\/?p=4715"},"modified":"2023-03-01T15:35:39","modified_gmt":"2023-03-01T19:35:39","slug":"calmer-pro-de-flare-audio","status":"publish","type":"post","link":"https:\/\/zocalo.cl\/enamoralaverdad\/calmer-pro-de-flare-audio\/","title":{"rendered":"Calmer pro, de Flareaudio"},"content":{"rendered":"\n<p>Un a\u00f1o un mes usando los calmer pro de&nbsp;<a href=\"https:\/\/www.instagram.com\/flareaudio\/\">@flareaudio<\/a>.<br>Todos los d\u00edas, desde que me despierto hasta que me acuesto y me pongo los tapones para dormir&#8230;<br>As\u00ed lucen tras todo este tiempo de uso intenso, impecables.<br>.<br>Como coment\u00e9 en otro post, estos protectores me filtran las frecuencias altas, los rebotes y reverberaciones en espacios cerrados, como casas, veh\u00edculos, pasillos. Me evitan esa dolorosa e irritante sensaci\u00f3n de rasgu\u00f1o en los canales auditivos.<br>.<br>Puedo conversar con ellos puestos, y conducir veh\u00edculos.<br>Para lugares m\u00e1s ruidosos, sigo usando los loop experiencie.<br>.<br>Lamentablemente no est\u00e1n haciendo env\u00edos a Chile desde la casa matriz en Inglaterra. Por ahora s\u00f3lo se pueden comprar en Amazon.<br>Lo descubr\u00ed porque estoy pensando en comprar un segundo par de repuesto.<br>.<br><a href=\"https:\/\/www.instagram.com\/explore\/tags\/sensibilidadauditiva\/\">#sensibilidadauditiva<\/a>&nbsp;<a href=\"https:\/\/www.instagram.com\/explore\/tags\/protectoresauditivos\/\">#protectoresauditivos<\/a>&nbsp;<a href=\"https:\/\/www.instagram.com\/explore\/tags\/hipersensibilidad\/\">#hipersensibilidad<\/a>&nbsp;<a href=\"https:\/\/www.instagram.com\/explore\/tags\/autismo\/\">#autismo<\/a>&nbsp;<a href=\"https:\/\/www.instagram.com\/explore\/tags\/soyautista\/\">#soyautista<\/a>&nbsp;<a href=\"https:\/\/www.instagram.com\/explore\/tags\/calmer\/\">#calmer<\/a>&nbsp;<a href=\"https:\/\/www.instagram.com\/explore\/tags\/calmerpro\/\">#calmerPRO<\/a>&nbsp;<a href=\"https:\/\/www.instagram.com\/explore\/tags\/personasaltamentesensibles\/\">#personasaltamentesensibles<\/a>&nbsp;<a href=\"https:\/\/www.instagram.com\/explore\/tags\/pas\/\">#PAS<\/a><\/p>\n\n\n\n<figure class=\"wp-block-image aligncenter size-large is-resized\"><img loading=\"lazy\" decoding=\"async\" src=\"https:\/\/zocalo.cl\/enamoralaverdad\/wp-content\/uploads\/2023\/02\/calmerpro-1024x1024.jpg\" alt=\"\" class=\"wp-image-4716\" width=\"512\" height=\"512\" srcset=\"https:\/\/zocalo.cl\/enamoralaverdad\/wp-content\/uploads\/2023\/02\/calmerpro-1024x1024.jpg 1024w, https:\/\/zocalo.cl\/enamoralaverdad\/wp-content\/uploads\/2023\/02\/calmerpro-300x300.jpg 300w, https:\/\/zocalo.cl\/enamoralaverdad\/wp-content\/uploads\/2023\/02\/calmerpro-150x150.jpg 150w, https:\/\/zocalo.cl\/enamoralaverdad\/wp-content\/uploads\/2023\/02\/calmerpro-768x768.jpg 768w, https:\/\/zocalo.cl\/enamoralaverdad\/wp-content\/uploads\/2023\/02\/calmerpro-1536x1536.jpg 1536w, https:\/\/zocalo.cl\/enamoralaverdad\/wp-content\/uploads\/2023\/02\/calmerpro-270x270.jpg 270w, https:\/\/zocalo.cl\/enamoralaverdad\/wp-content\/uploads\/2023\/02\/calmerpro-230x230.jpg 230w, https:\/\/zocalo.cl\/enamoralaverdad\/wp-content\/uploads\/2023\/02\/calmerpro.jpg 2000w\" sizes=\"auto, (max-width: 512px) 100vw, 512px\" \/><\/figure>\n","protected":false},"excerpt":{"rendered":"<p>Un a\u00f1o un mes usando los calmer pro de&nbsp;@flareaudio.Todos los d\u00edas, desde que me despierto hasta que me acuesto y me pongo los tapones para dormir&#8230;As\u00ed lucen tras todo este tiempo de uso intenso, impecables..Como coment\u00e9 en otro post, estos protectores me filtran las frecuencias altas, los rebotes y reverberaciones en espacios cerrados, como casas, [&hellip;]<\/p>\n","protected":false},"author":1,"featured_media":4716,"comment_status":"open","ping_status":"open","sticky":false,"template":"","format":"standard","meta":{"site-container-style":"default","site-container-layout":"default","site-sidebar-layout":"default","disable-article-header":"default","disable-site-header":"default","disable-site-footer":"default","disable-content-area-spacing":"default","ngg_post_thumbnail":0,"_joinchat":[],"footnotes":""},"categories":[3,11,214],"tags":[40,269,268],"class_list":["post-4715","post","type-post","status-publish","format-standard","has-post-thumbnail","hentry","category-autismo","category-personas-altamente-sensibles-pas","category-viajando-por-el-samsara","tag-autismo","tag-calmer-pro","tag-hipersensibilidad-auditiva"],"_links":{"self":[{"href":"https:\/\/zocalo.cl\/enamoralaverdad\/wp-json\/wp\/v2\/posts\/4715","targetHints":{"allow":["GET"]}}],"collection":[{"href":"https:\/\/zocalo.cl\/enamoralaverdad\/wp-json\/wp\/v2\/posts"}],"about":[{"href":"https:\/\/zocalo.cl\/enamoralaverdad\/wp-json\/wp\/v2\/types\/post"}],"author":[{"embeddable":true,"href":"https:\/\/zocalo.cl\/enamoralaverdad\/wp-json\/wp\/v2\/users\/1"}],"replies":[{"embeddable":true,"href":"https:\/\/zocalo.cl\/enamoralaverdad\/wp-json\/wp\/v2\/comments?post=4715"}],"version-history":[{"count":0,"href":"https:\/\/zocalo.cl\/enamoralaverdad\/wp-json\/wp\/v2\/posts\/4715\/revisions"}],"wp:featuredmedia":[{"embeddable":true,"href":"https:\/\/zocalo.cl\/enamoralaverdad\/wp-json\/wp\/v2\/media\/4716"}],"wp:attachment":[{"href":"https:\/\/zocalo.cl\/enamoralaverdad\/wp-json\/wp\/v2\/media?parent=4715"}],"wp:term":[{"taxonomy":"category","embeddable":true,"href":"https:\/\/zocalo.cl\/enamoralaverdad\/wp-json\/wp\/v2\/categories?post=4715"},{"taxonomy":"post_tag","embeddable":true,"href":"https:\/\/zocalo.cl\/enamoralaverdad\/wp-json\/wp\/v2\/tags?post=4715"}],"curies":[{"name":"wp","href":"https:\/\/api.w.org\/{rel}","templated":true}]}}