{"id":4744,"date":"2023-04-02T09:27:34","date_gmt":"2023-04-02T13:27:34","guid":{"rendered":"https:\/\/zocalo.cl\/enamoralaverdad\/?p=4744"},"modified":"2023-04-25T09:31:56","modified_gmt":"2023-04-25T13:31:56","slug":"autista","status":"publish","type":"post","link":"https:\/\/zocalo.cl\/enamoralaverdad\/autista\/","title":{"rendered":"Autista"},"content":{"rendered":"\n<p>Ni rota, ni loca, ni trastornada, ni ma\u00f1osa, ni dif\u00edcil, ni &#8216;cabra chica&#8217;, ni un rompecabezas a resolver, ni mani\u00e1tica, ni obsesiva, ni&#8230;<br>.<br>AUTISTA<br>.<br>Soy un tipo de humano un poco distinto al com\u00fan.<br>Los humanos somos neurodiversos y existimos muchos neurodivergentes.<br>.<br>2 de abril, d\u00eda y mes de la aceptaci\u00f3n y concientizaci\u00f3n del autismo.<br>.<br><a href=\"https:\/\/www.instagram.com\/explore\/tags\/2deabril\/\">#2deAbril<\/a>\u00a0<a href=\"https:\/\/www.instagram.com\/explore\/tags\/autismo\/\">#Autismo<\/a>\u00a0<a href=\"https:\/\/www.instagram.com\/explore\/tags\/soyautista\/\">#SoyAutista<\/a>\u00a0<a href=\"https:\/\/www.instagram.com\/explore\/tags\/neurodiversidad\/\">#neurodiversidad<\/a>\u00a0<a href=\"https:\/\/www.instagram.com\/explore\/tags\/concientizaci%C3%B3n\/\">#concientizaci\u00f3n<\/a>\u00a0<a href=\"https:\/\/www.instagram.com\/explore\/tags\/aceptaci%C3%B3n\/\">#aceptaci\u00f3n<\/a>\u00a0<a href=\"https:\/\/www.instagram.com\/explore\/tags\/neurodivergencias\/\">#neurodivergencias<\/a><\/p>\n\n\n\n<figure class=\"wp-block-image aligncenter size-large is-resized\"><img loading=\"lazy\" decoding=\"async\" src=\"https:\/\/zocalo.cl\/enamoralaverdad\/wp-content\/uploads\/2023\/04\/2deabril-1024x1024.jpg\" alt=\"\" class=\"wp-image-4746\" width=\"512\" height=\"512\" srcset=\"https:\/\/zocalo.cl\/enamoralaverdad\/wp-content\/uploads\/2023\/04\/2deabril-1024x1024.jpg 1024w, https:\/\/zocalo.cl\/enamoralaverdad\/wp-content\/uploads\/2023\/04\/2deabril-300x300.jpg 300w, https:\/\/zocalo.cl\/enamoralaverdad\/wp-content\/uploads\/2023\/04\/2deabril-150x150.jpg 150w, https:\/\/zocalo.cl\/enamoralaverdad\/wp-content\/uploads\/2023\/04\/2deabril-768x768.jpg 768w, https:\/\/zocalo.cl\/enamoralaverdad\/wp-content\/uploads\/2023\/04\/2deabril-1536x1536.jpg 1536w, https:\/\/zocalo.cl\/enamoralaverdad\/wp-content\/uploads\/2023\/04\/2deabril-270x270.jpg 270w, https:\/\/zocalo.cl\/enamoralaverdad\/wp-content\/uploads\/2023\/04\/2deabril-230x230.jpg 230w, https:\/\/zocalo.cl\/enamoralaverdad\/wp-content\/uploads\/2023\/04\/2deabril.jpg 2000w\" sizes=\"auto, (max-width: 512px) 100vw, 512px\" \/><\/figure>\n","protected":false},"excerpt":{"rendered":"<p>Ni rota, ni loca, ni trastornada, ni ma\u00f1osa, ni dif\u00edcil, ni &#8216;cabra chica&#8217;, ni un rompecabezas a resolver, ni mani\u00e1tica, ni obsesiva, ni&#8230;.AUTISTA.Soy un tipo de humano un poco distinto al com\u00fan.Los humanos somos neurodiversos y existimos muchos neurodivergentes..2 de abril, d\u00eda y mes de la aceptaci\u00f3n y concientizaci\u00f3n del autismo..#2deAbril\u00a0#Autismo\u00a0#SoyAutista\u00a0#neurodiversidad\u00a0#concientizaci\u00f3n\u00a0#aceptaci\u00f3n\u00a0#neurodivergencias<\/p>\n","protected":false},"author":1,"featured_media":4746,"comment_status":"open","ping_status":"open","sticky":false,"template":"","format":"standard","meta":{"site-container-style":"default","site-container-layout":"default","site-sidebar-layout":"default","disable-article-header":"default","disable-site-header":"default","disable-site-footer":"default","disable-content-area-spacing":"default","ngg_post_thumbnail":0,"_joinchat":[],"footnotes":""},"categories":[3,272,9,11,12],"tags":[40,51,192,200],"class_list":["post-4744","post","type-post","status-publish","format-standard","has-post-thumbnail","hentry","category-autismo","category-neurodivergencias","category-neurodiversidad","category-personas-altamente-sensibles-pas","category-reflejos-interiores","tag-autismo","tag-camino-de-vida","tag-vida-consciente","tag-vivir-mejor"],"_links":{"self":[{"href":"https:\/\/zocalo.cl\/enamoralaverdad\/wp-json\/wp\/v2\/posts\/4744","targetHints":{"allow":["GET"]}}],"collection":[{"href":"https:\/\/zocalo.cl\/enamoralaverdad\/wp-json\/wp\/v2\/posts"}],"about":[{"href":"https:\/\/zocalo.cl\/enamoralaverdad\/wp-json\/wp\/v2\/types\/post"}],"author":[{"embeddable":true,"href":"https:\/\/zocalo.cl\/enamoralaverdad\/wp-json\/wp\/v2\/users\/1"}],"replies":[{"embeddable":true,"href":"https:\/\/zocalo.cl\/enamoralaverdad\/wp-json\/wp\/v2\/comments?post=4744"}],"version-history":[{"count":0,"href":"https:\/\/zocalo.cl\/enamoralaverdad\/wp-json\/wp\/v2\/posts\/4744\/revisions"}],"wp:featuredmedia":[{"embeddable":true,"href":"https:\/\/zocalo.cl\/enamoralaverdad\/wp-json\/wp\/v2\/media\/4746"}],"wp:attachment":[{"href":"https:\/\/zocalo.cl\/enamoralaverdad\/wp-json\/wp\/v2\/media?parent=4744"}],"wp:term":[{"taxonomy":"category","embeddable":true,"href":"https:\/\/zocalo.cl\/enamoralaverdad\/wp-json\/wp\/v2\/categories?post=4744"},{"taxonomy":"post_tag","embeddable":true,"href":"https:\/\/zocalo.cl\/enamoralaverdad\/wp-json\/wp\/v2\/tags?post=4744"}],"curies":[{"name":"wp","href":"https:\/\/api.w.org\/{rel}","templated":true}]}}