{"id":5024,"date":"2024-05-30T14:08:26","date_gmt":"2024-05-30T18:08:26","guid":{"rendered":"https:\/\/zocalo.cl\/enamoralaverdad\/?p=5024"},"modified":"2024-05-31T14:11:13","modified_gmt":"2024-05-31T18:11:13","slug":"por-que-se-va-un-gato-de-casa","status":"publish","type":"post","link":"https:\/\/zocalo.cl\/enamoralaverdad\/por-que-se-va-un-gato-de-casa\/","title":{"rendered":"Por qu\u00e9 se va un gato de casa?"},"content":{"rendered":"\n<p>Estas son las razones m\u00e1s comunes que da un gato cuando se le pregunta por qu\u00e9 se fue de casa:<br>.<br>&#8211; No le gust\u00f3 el trato que le dieron.<br>&#8211; No lo vieron como un ser sintiente, consciente, pensante.<br>&#8211; Sinti\u00f3 que no lo ven, se sinti\u00f3 como un mueble.<br>&#8211; No le gust\u00f3 que lo humanizaran.<br>&#8211; Quiere vivir libre, fiel a su alma salvaje.<br>&#8211; Mucha carga emocional no resuelta de su responsable.<br>&#8211; No le gust\u00f3 su nombre.<br>&#8211; No le gust\u00f3 el collar, o que lo vistan.<br>&#8211; No le avisaron de un cambio de casa.<br>&#8211; No le avisaron que su lugar favorito desparecer\u00eda, por arreglos en casa.<br>&#8211; No le avisaron de un viaje de los humanos. Ni le preguntaron qui\u00e9n quer\u00eda que lo cuidara.<br>&#8211; No le preguntaron si quer\u00eda un tratamiento m\u00e9dico.<br>.<br>Y hay m\u00e1s razones&#8230;<br>.<br><a href=\"https:\/\/www.instagram.com\/explore\/tags\/animalesperdidos\/\">#animalesperdidos<\/a> <a href=\"https:\/\/www.instagram.com\/explore\/tags\/peludosperdidos\/\">#peludosperdidos<\/a> <a href=\"https:\/\/www.instagram.com\/explore\/tags\/comunicacionanimal\/\">#comunicacionanimal<\/a> <a href=\"https:\/\/www.instagram.com\/explore\/tags\/comunicacioninterespecies\/\">#comunicacioninterespecies<\/a> <a href=\"https:\/\/www.instagram.com\/explore\/tags\/sanaciones\/\">#sanaciones<\/a><\/p>\n\n\n\n<figure class=\"wp-block-image aligncenter size-large is-resized\"><img loading=\"lazy\" decoding=\"async\" width=\"1024\" height=\"1024\" src=\"https:\/\/zocalo.cl\/enamoralaverdad\/wp-content\/uploads\/2024\/05\/perdidos-5-1024x1024.jpg\" alt=\"\" class=\"wp-image-5025\" style=\"width:550px\" srcset=\"https:\/\/zocalo.cl\/enamoralaverdad\/wp-content\/uploads\/2024\/05\/perdidos-5-1024x1024.jpg 1024w, https:\/\/zocalo.cl\/enamoralaverdad\/wp-content\/uploads\/2024\/05\/perdidos-5-300x300.jpg 300w, https:\/\/zocalo.cl\/enamoralaverdad\/wp-content\/uploads\/2024\/05\/perdidos-5-150x150.jpg 150w, https:\/\/zocalo.cl\/enamoralaverdad\/wp-content\/uploads\/2024\/05\/perdidos-5-768x768.jpg 768w, https:\/\/zocalo.cl\/enamoralaverdad\/wp-content\/uploads\/2024\/05\/perdidos-5-1536x1536.jpg 1536w, https:\/\/zocalo.cl\/enamoralaverdad\/wp-content\/uploads\/2024\/05\/perdidos-5-270x270.jpg 270w, https:\/\/zocalo.cl\/enamoralaverdad\/wp-content\/uploads\/2024\/05\/perdidos-5-230x230.jpg 230w, https:\/\/zocalo.cl\/enamoralaverdad\/wp-content\/uploads\/2024\/05\/perdidos-5.jpg 2000w\" sizes=\"auto, (max-width: 1024px) 100vw, 1024px\" \/><\/figure>\n","protected":false},"excerpt":{"rendered":"<p>Estas son las razones m\u00e1s comunes que da un gato cuando se le pregunta por qu\u00e9 se fue de casa:.&#8211; No le gust\u00f3 el trato que le dieron.&#8211; No lo vieron como un ser sintiente, consciente, pensante.&#8211; Sinti\u00f3 que no lo ven, se sinti\u00f3 como un mueble.&#8211; No le gust\u00f3 que lo humanizaran.&#8211; Quiere vivir [&hellip;]<\/p>\n","protected":false},"author":1,"featured_media":5025,"comment_status":"open","ping_status":"open","sticky":false,"template":"","format":"standard","meta":{"site-container-style":"default","site-container-layout":"default","site-sidebar-layout":"default","disable-article-header":"default","disable-site-header":"default","disable-site-footer":"default","disable-content-area-spacing":"default","ngg_post_thumbnail":0,"_joinchat":[],"footnotes":""},"categories":[260,208,209,255,214,16],"tags":[51,261,291,192],"class_list":["post-5024","post","type-post","status-publish","format-standard","has-post-thumbnail","hentry","category-animales-perdidos","category-camino-de-vida","category-canalizaciones","category-comunicacion-interespecies","category-viajando-por-el-samsara","category-vivir-consciente","tag-camino-de-vida","tag-comunicacion-interespecies","tag-perdidos","tag-vida-consciente"],"_links":{"self":[{"href":"https:\/\/zocalo.cl\/enamoralaverdad\/wp-json\/wp\/v2\/posts\/5024","targetHints":{"allow":["GET"]}}],"collection":[{"href":"https:\/\/zocalo.cl\/enamoralaverdad\/wp-json\/wp\/v2\/posts"}],"about":[{"href":"https:\/\/zocalo.cl\/enamoralaverdad\/wp-json\/wp\/v2\/types\/post"}],"author":[{"embeddable":true,"href":"https:\/\/zocalo.cl\/enamoralaverdad\/wp-json\/wp\/v2\/users\/1"}],"replies":[{"embeddable":true,"href":"https:\/\/zocalo.cl\/enamoralaverdad\/wp-json\/wp\/v2\/comments?post=5024"}],"version-history":[{"count":0,"href":"https:\/\/zocalo.cl\/enamoralaverdad\/wp-json\/wp\/v2\/posts\/5024\/revisions"}],"wp:featuredmedia":[{"embeddable":true,"href":"https:\/\/zocalo.cl\/enamoralaverdad\/wp-json\/wp\/v2\/media\/5025"}],"wp:attachment":[{"href":"https:\/\/zocalo.cl\/enamoralaverdad\/wp-json\/wp\/v2\/media?parent=5024"}],"wp:term":[{"taxonomy":"category","embeddable":true,"href":"https:\/\/zocalo.cl\/enamoralaverdad\/wp-json\/wp\/v2\/categories?post=5024"},{"taxonomy":"post_tag","embeddable":true,"href":"https:\/\/zocalo.cl\/enamoralaverdad\/wp-json\/wp\/v2\/tags?post=5024"}],"curies":[{"name":"wp","href":"https:\/\/api.w.org\/{rel}","templated":true}]}}