{"id":5035,"date":"2024-06-18T12:55:26","date_gmt":"2024-06-18T16:55:26","guid":{"rendered":"https:\/\/zocalo.cl\/enamoralaverdad\/?p=5035"},"modified":"2024-06-18T15:26:52","modified_gmt":"2024-06-18T19:26:52","slug":"18-de-junio-dia-del-orgullo-autista","status":"publish","type":"post","link":"https:\/\/zocalo.cl\/enamoralaverdad\/18-de-junio-dia-del-orgullo-autista\/","title":{"rendered":"18 de junio, d\u00eda del orgullo autista"},"content":{"rendered":"\n<p>SOY AUTISTA:<br><br>Hoy que es el d\u00eda del orgullo autista, les cuento que el serlo implica mucho m\u00e1s que pensar y percibir distinto.<br><br>&#8211; Toda mi vida me sent\u00ed un bicho raro, hasta hace casi 5 a\u00f1os que me descubr\u00ed y entend\u00ed todos mis tropezones.<br>&#8211; Soy autista, y esto me hace ser brutal y agotadoramente hipersensible de vista, o\u00eddo, olores, tacto y propiocepci\u00f3n. El \u00fanico sentido que no se me hiperventila es el vestibular. Uso mucha protecci\u00f3n auditiva y visual, estoy a la espera de alg\u00fan genio (autista) que invente los protectores olfativos.<br>&#8211; Soy autista, y soy hiper al\u00e9rgica a demasiados factores, incluida el az\u00facar.. hasta de la fruta.<br>&#8211; Soy autista y reacciono muy extra\u00f1o a medicamentos y anestesia.<br>&#8211; Soy autista y mi flora intestinal, mi cerebro del intestino tambi\u00e9n es distinto, por lo que tengo flora intestinal diferente, y much\u00edsimas reacciones adversas a demasiados alimentos comunes.<br>&#8211; Soy autista y soy hiperlaxa, vivo con dolores articulares. Me levanto con dolores, y me acuesto con dolores.<br>&#8211; Soy autista, y soy torpe f\u00edsicamente, tard\u00e9 mucho en aprender a nadar, y es muy habitual que me caiga caminando. En cerros, no puedo caminar y hablar al mismo tiempo, tengo que caminar en silencio, sobre todo bajando.<br>&#8211; Soy autista y soy ansiosa y angustiosa ante cualquier situaci\u00f3n nueva, o cambios de planes. No duermo bien desde semanas antes de eventos nuevos.<br>&#8211; Soy autista, y nunca encaj\u00e9 en esta sociedad occidental, ni la entend\u00ed.<br>&#8211; Soy autista, y toda mi vida mis resultados de ex\u00e1menes m\u00e9dicos y de estudios se han escapado de la &#8216;norma&#8217;.<br>&#8211; Soy autista y tengo una memoria prodigiosa&#8230; no me discutas sobre fechas y recuerdos.<br>&#8211; Soy autista y tengo una mente maravillosamente h\u00e1bil para bucear en las capas de la mente humana.<br>&#8211; Soy autista y almaceno enciclopedias completas en mi cabeza y memoria, las que puedo revisar casi hoj\u00e9andolas.<br>&#8211; Soy autista y mi mente funciona como google, desde antes que existiera la web.<br>&#8211; Soy autista, y pienso en im\u00e1genes, almaceno toda la info en forma de google im\u00e1genes, la que despu\u00e9s puedo buscar en mi mente igual como se hace en la web.<br>&#8211; Soy autista y tengo mente de investigadora y especialista. Mis tres amores de la vida son los gatos, el despertar de la consciencia humana, y los textiles.<br>&#8211; Soy autista, y puedo leer tu aura, tus emociones, tus traumas. Y puedo ayudarte a sanar.<br>&#8211; Soy autista y puedo comunicarme con otras especies, lo he hecho toda mi vida. Y tambi\u00e9n con consciencias en otros estados, como ya fallecidos, humanos o no humanos.<br>&#8211; Soy autista, y soy maravillosamente sensible.<br>&#8211; Soy&#8230; orgullosamente autista!<br>.<br>(el hermoso sombrero de fieltro es obra y arte de @<a href=\"https:\/\/l.facebook.com\/l.php?u=http%3A%2F%2Fhonra.cl%2F%3Ffbclid%3DIwZXh0bgNhZW0CMTAAAR3pCrR0UkiIn1-dKIZoiydDeGUo1rnGYYLFwkf5rvmi7xinz57MD5QIWVs_aem_34ZsuP2Zejn6A6kx0vtzxA&amp;h=AT2ipwhTL36ikPWjur2d69VAkbMQKQ0cukbUKgl0USSG_7Gz3CorkZ-IQLl0i6Oh5Fmvx9zJmLeU1-hoJlL2yvBrIJpeMQKpT_JdOyO_yug8Citg98ceIhkA9CqtHXuRrQ&amp;__tn__=-UK*F&amp;c[0]=AT2I0vUIcKPWMkShon08kq8iSxAn2u77JQzyelIi00FSNP230_ws_g01MMp5ewE94VO82zagzoYH9HXMVyxIlh902luA-bPWIGrSyeQ7x7UuzQqEwIGvE2Mj9F1ioddMq79EK2FGjPFE-9nx4PcjiEw95OuXEY0_2Gc8oV5Z9jxEvqKNN0gDgKUvoYT1t33PxpPz6RLu6EKk1PDNfDQ3Hji1qdEuU2t9yLDl\" target=\"_blank\" rel=\"noreferrer noopener\">honra.cl<\/a> )<br>.<br><a href=\"https:\/\/www.facebook.com\/hashtag\/autismo?__eep__=6&amp;__cft__[0]=AZVxuWTnk5A7TLhuuftqyzoMnjr4uqvW6pqS6bv_3PEOO1V39HOKcuMeX3T5MbgX4IPY6cgQMj_ZjojOOfEda3m8vCMCYFKfrB38CDj4N72zY0s6xH7B8dkLFJfkXE0ueqDwYMSBZMqsqAdMJg5xiDLYn6V0_-qsFsgXj6LsnlRd3Kx-YL2sm84sibVN8mO9PuxLblOSSunoy-Mz3xa942qf&amp;__tn__=*NK*F\">#Autismo<\/a> <a href=\"https:\/\/www.facebook.com\/hashtag\/soyautista?__eep__=6&amp;__cft__[0]=AZVxuWTnk5A7TLhuuftqyzoMnjr4uqvW6pqS6bv_3PEOO1V39HOKcuMeX3T5MbgX4IPY6cgQMj_ZjojOOfEda3m8vCMCYFKfrB38CDj4N72zY0s6xH7B8dkLFJfkXE0ueqDwYMSBZMqsqAdMJg5xiDLYn6V0_-qsFsgXj6LsnlRd3Kx-YL2sm84sibVN8mO9PuxLblOSSunoy-Mz3xa942qf&amp;__tn__=*NK*F\">#SoyAutista<\/a> <a href=\"https:\/\/www.facebook.com\/hashtag\/18dejunio?__eep__=6&amp;__cft__[0]=AZVxuWTnk5A7TLhuuftqyzoMnjr4uqvW6pqS6bv_3PEOO1V39HOKcuMeX3T5MbgX4IPY6cgQMj_ZjojOOfEda3m8vCMCYFKfrB38CDj4N72zY0s6xH7B8dkLFJfkXE0ueqDwYMSBZMqsqAdMJg5xiDLYn6V0_-qsFsgXj6LsnlRd3Kx-YL2sm84sibVN8mO9PuxLblOSSunoy-Mz3xa942qf&amp;__tn__=*NK*F\">#18dejunio<\/a> <a href=\"https:\/\/www.facebook.com\/hashtag\/orgulloautista?__eep__=6&amp;__cft__[0]=AZVxuWTnk5A7TLhuuftqyzoMnjr4uqvW6pqS6bv_3PEOO1V39HOKcuMeX3T5MbgX4IPY6cgQMj_ZjojOOfEda3m8vCMCYFKfrB38CDj4N72zY0s6xH7B8dkLFJfkXE0ueqDwYMSBZMqsqAdMJg5xiDLYn6V0_-qsFsgXj6LsnlRd3Kx-YL2sm84sibVN8mO9PuxLblOSSunoy-Mz3xa942qf&amp;__tn__=*NK*F\">#orgulloautista<\/a> <a href=\"https:\/\/www.facebook.com\/hashtag\/aacc?__eep__=6&amp;__cft__[0]=AZVxuWTnk5A7TLhuuftqyzoMnjr4uqvW6pqS6bv_3PEOO1V39HOKcuMeX3T5MbgX4IPY6cgQMj_ZjojOOfEda3m8vCMCYFKfrB38CDj4N72zY0s6xH7B8dkLFJfkXE0ueqDwYMSBZMqsqAdMJg5xiDLYn6V0_-qsFsgXj6LsnlRd3Kx-YL2sm84sibVN8mO9PuxLblOSSunoy-Mz3xa942qf&amp;__tn__=*NK*F\">#AACC<\/a> <a href=\"https:\/\/www.facebook.com\/hashtag\/neurodiversidad?__eep__=6&amp;__cft__[0]=AZVxuWTnk5A7TLhuuftqyzoMnjr4uqvW6pqS6bv_3PEOO1V39HOKcuMeX3T5MbgX4IPY6cgQMj_ZjojOOfEda3m8vCMCYFKfrB38CDj4N72zY0s6xH7B8dkLFJfkXE0ueqDwYMSBZMqsqAdMJg5xiDLYn6V0_-qsFsgXj6LsnlRd3Kx-YL2sm84sibVN8mO9PuxLblOSSunoy-Mz3xa942qf&amp;__tn__=*NK*F\">#neurodiversidad<\/a> <a href=\"https:\/\/www.facebook.com\/hashtag\/concientizaci%C3%B3n?__eep__=6&amp;__cft__[0]=AZVxuWTnk5A7TLhuuftqyzoMnjr4uqvW6pqS6bv_3PEOO1V39HOKcuMeX3T5MbgX4IPY6cgQMj_ZjojOOfEda3m8vCMCYFKfrB38CDj4N72zY0s6xH7B8dkLFJfkXE0ueqDwYMSBZMqsqAdMJg5xiDLYn6V0_-qsFsgXj6LsnlRd3Kx-YL2sm84sibVN8mO9PuxLblOSSunoy-Mz3xa942qf&amp;__tn__=*NK*F\">#concientizaci\u00f3n<\/a> <a href=\"https:\/\/www.facebook.com\/hashtag\/aceptaci%C3%B3n?__eep__=6&amp;__cft__[0]=AZVxuWTnk5A7TLhuuftqyzoMnjr4uqvW6pqS6bv_3PEOO1V39HOKcuMeX3T5MbgX4IPY6cgQMj_ZjojOOfEda3m8vCMCYFKfrB38CDj4N72zY0s6xH7B8dkLFJfkXE0ueqDwYMSBZMqsqAdMJg5xiDLYn6V0_-qsFsgXj6LsnlRd3Kx-YL2sm84sibVN8mO9PuxLblOSSunoy-Mz3xa942qf&amp;__tn__=*NK*F\">#aceptaci\u00f3n<\/a> <a href=\"https:\/\/www.facebook.com\/hashtag\/neurodivergencias?__eep__=6&amp;__cft__[0]=AZVxuWTnk5A7TLhuuftqyzoMnjr4uqvW6pqS6bv_3PEOO1V39HOKcuMeX3T5MbgX4IPY6cgQMj_ZjojOOfEda3m8vCMCYFKfrB38CDj4N72zY0s6xH7B8dkLFJfkXE0ueqDwYMSBZMqsqAdMJg5xiDLYn6V0_-qsFsgXj6LsnlRd3Kx-YL2sm84sibVN8mO9PuxLblOSSunoy-Mz3xa942qf&amp;__tn__=*NK*F\">#neurodivergencias<\/a><\/p>\n\n\n\n<p><\/p>\n\n\n\n<figure class=\"wp-block-image size-large is-resized\"><img loading=\"lazy\" decoding=\"async\" width=\"1024\" height=\"1024\" src=\"https:\/\/zocalo.cl\/enamoralaverdad\/wp-content\/uploads\/2024\/06\/18-de-junio-1024x1024.jpg\" alt=\"\" class=\"wp-image-5036\" style=\"width:548px\" srcset=\"https:\/\/zocalo.cl\/enamoralaverdad\/wp-content\/uploads\/2024\/06\/18-de-junio-1024x1024.jpg 1024w, https:\/\/zocalo.cl\/enamoralaverdad\/wp-content\/uploads\/2024\/06\/18-de-junio-300x300.jpg 300w, https:\/\/zocalo.cl\/enamoralaverdad\/wp-content\/uploads\/2024\/06\/18-de-junio-150x150.jpg 150w, https:\/\/zocalo.cl\/enamoralaverdad\/wp-content\/uploads\/2024\/06\/18-de-junio-768x768.jpg 768w, https:\/\/zocalo.cl\/enamoralaverdad\/wp-content\/uploads\/2024\/06\/18-de-junio-1536x1536.jpg 1536w, https:\/\/zocalo.cl\/enamoralaverdad\/wp-content\/uploads\/2024\/06\/18-de-junio-270x270.jpg 270w, https:\/\/zocalo.cl\/enamoralaverdad\/wp-content\/uploads\/2024\/06\/18-de-junio-230x230.jpg 230w, https:\/\/zocalo.cl\/enamoralaverdad\/wp-content\/uploads\/2024\/06\/18-de-junio.jpg 2000w\" sizes=\"auto, (max-width: 1024px) 100vw, 1024px\" \/><\/figure>\n","protected":false},"excerpt":{"rendered":"<p>SOY AUTISTA: Hoy que es el d\u00eda del orgullo autista, les cuento que el serlo implica mucho m\u00e1s que pensar y percibir distinto. &#8211; Toda mi vida me sent\u00ed un bicho raro, hasta hace casi 5 a\u00f1os que me descubr\u00ed y entend\u00ed todos mis tropezones.&#8211; Soy autista, y esto me hace ser brutal y agotadoramente [&hellip;]<\/p>\n","protected":false},"author":1,"featured_media":5036,"comment_status":"open","ping_status":"open","sticky":false,"template":"","format":"standard","meta":{"site-container-style":"default","site-container-layout":"default","site-sidebar-layout":"default","disable-article-header":"default","disable-site-header":"default","disable-site-footer":"default","disable-content-area-spacing":"default","ngg_post_thumbnail":0,"_joinchat":[],"footnotes":""},"categories":[3,208,272,9,214,16],"tags":[40,51,192,200],"class_list":["post-5035","post","type-post","status-publish","format-standard","has-post-thumbnail","hentry","category-autismo","category-camino-de-vida","category-neurodivergencias","category-neurodiversidad","category-viajando-por-el-samsara","category-vivir-consciente","tag-autismo","tag-camino-de-vida","tag-vida-consciente","tag-vivir-mejor"],"_links":{"self":[{"href":"https:\/\/zocalo.cl\/enamoralaverdad\/wp-json\/wp\/v2\/posts\/5035","targetHints":{"allow":["GET"]}}],"collection":[{"href":"https:\/\/zocalo.cl\/enamoralaverdad\/wp-json\/wp\/v2\/posts"}],"about":[{"href":"https:\/\/zocalo.cl\/enamoralaverdad\/wp-json\/wp\/v2\/types\/post"}],"author":[{"embeddable":true,"href":"https:\/\/zocalo.cl\/enamoralaverdad\/wp-json\/wp\/v2\/users\/1"}],"replies":[{"embeddable":true,"href":"https:\/\/zocalo.cl\/enamoralaverdad\/wp-json\/wp\/v2\/comments?post=5035"}],"version-history":[{"count":0,"href":"https:\/\/zocalo.cl\/enamoralaverdad\/wp-json\/wp\/v2\/posts\/5035\/revisions"}],"wp:featuredmedia":[{"embeddable":true,"href":"https:\/\/zocalo.cl\/enamoralaverdad\/wp-json\/wp\/v2\/media\/5036"}],"wp:attachment":[{"href":"https:\/\/zocalo.cl\/enamoralaverdad\/wp-json\/wp\/v2\/media?parent=5035"}],"wp:term":[{"taxonomy":"category","embeddable":true,"href":"https:\/\/zocalo.cl\/enamoralaverdad\/wp-json\/wp\/v2\/categories?post=5035"},{"taxonomy":"post_tag","embeddable":true,"href":"https:\/\/zocalo.cl\/enamoralaverdad\/wp-json\/wp\/v2\/tags?post=5035"}],"curies":[{"name":"wp","href":"https:\/\/api.w.org\/{rel}","templated":true}]}}