{"id":5062,"date":"2024-07-19T14:27:04","date_gmt":"2024-07-19T18:27:04","guid":{"rendered":"https:\/\/zocalo.cl\/enamoralaverdad\/?p=5062"},"modified":"2024-07-22T14:29:36","modified_gmt":"2024-07-22T18:29:36","slug":"epigenetica","status":"publish","type":"post","link":"https:\/\/zocalo.cl\/enamoralaverdad\/epigenetica\/","title":{"rendered":"Epigen\u00e9tica"},"content":{"rendered":"\n<p>He hecho un largo trabajo en mi persona, en mi ser f\u00edsico, mi ser consciente, y en el no tan consciente.<br>Terapias muchas, cambio de h\u00e1bitos, diagn\u00f3stico de autismo, alimentaci\u00f3n adecuada a mi cuerpo de mujer autista adulta, compa\u00f1\u00eda adecuada y sana.<br>Un largo camino de sanaci\u00f3n de mi ser entero, ahora con el apoyo de dos compa\u00f1eros de vida -padre e hijo- y de mi terapeuta de cabecera <a href=\"https:\/\/www.instagram.com\/fisioterapiachile\/\">@fisioterapiachile<\/a>.<br>.<br>Y hoy a mis casi 60 a\u00f1os, tengo una vitalidad f\u00edsica que jam\u00e1s imagin\u00e9 y que no hered\u00e9 de mis ancestros, y una claridad de consciencia que al menos en mis padres nunca v\u00ed.<br>.<br>Epigen\u00e9tica&#8230; mi terapeuta me lo ha mencionado a menudo.<br>Entre otras cosas, estuve a punto de ser diab\u00e9tica, y hoy no hay huella&#8230;<br>Se puede!<br>.<br>Agradecida de la Vida \ud83d\ude4f\ud83c\udffe<br>.<br><a href=\"https:\/\/www.instagram.com\/explore\/tags\/epigenetica\/\">#epigenetica<\/a> <a href=\"https:\/\/www.instagram.com\/explore\/tags\/sanaci%C3%B3n\/\">#sanaci\u00f3n<\/a> <a href=\"https:\/\/www.instagram.com\/explore\/tags\/vida\/\">#vida<\/a> <a href=\"https:\/\/www.instagram.com\/explore\/tags\/vidaconsciente\/\">#vidaconsciente<\/a> <a href=\"https:\/\/www.instagram.com\/explore\/tags\/autismo\/\">#autismo<\/a> <a href=\"https:\/\/www.instagram.com\/explore\/tags\/soyautista\/\">#soyautista<\/a> <a href=\"https:\/\/www.instagram.com\/explore\/tags\/escalada\/\">#escalada<\/a><\/p>\n\n\n\n<figure class=\"wp-block-image aligncenter size-large is-resized\"><img loading=\"lazy\" decoding=\"async\" width=\"1024\" height=\"1024\" src=\"https:\/\/zocalo.cl\/enamoralaverdad\/wp-content\/uploads\/2024\/07\/epigenetica-1024x1024.jpg\" alt=\"\" class=\"wp-image-5064\" style=\"width:550px\" srcset=\"https:\/\/zocalo.cl\/enamoralaverdad\/wp-content\/uploads\/2024\/07\/epigenetica-1024x1024.jpg 1024w, https:\/\/zocalo.cl\/enamoralaverdad\/wp-content\/uploads\/2024\/07\/epigenetica-300x300.jpg 300w, https:\/\/zocalo.cl\/enamoralaverdad\/wp-content\/uploads\/2024\/07\/epigenetica-150x150.jpg 150w, https:\/\/zocalo.cl\/enamoralaverdad\/wp-content\/uploads\/2024\/07\/epigenetica-768x768.jpg 768w, https:\/\/zocalo.cl\/enamoralaverdad\/wp-content\/uploads\/2024\/07\/epigenetica-1536x1536.jpg 1536w, https:\/\/zocalo.cl\/enamoralaverdad\/wp-content\/uploads\/2024\/07\/epigenetica-270x270.jpg 270w, https:\/\/zocalo.cl\/enamoralaverdad\/wp-content\/uploads\/2024\/07\/epigenetica-230x230.jpg 230w, https:\/\/zocalo.cl\/enamoralaverdad\/wp-content\/uploads\/2024\/07\/epigenetica.jpg 2000w\" sizes=\"auto, (max-width: 1024px) 100vw, 1024px\" \/><\/figure>\n","protected":false},"excerpt":{"rendered":"<p>He hecho un largo trabajo en mi persona, en mi ser f\u00edsico, mi ser consciente, y en el no tan consciente.Terapias muchas, cambio de h\u00e1bitos, diagn\u00f3stico de autismo, alimentaci\u00f3n adecuada a mi cuerpo de mujer autista adulta, compa\u00f1\u00eda adecuada y sana.Un largo camino de sanaci\u00f3n de mi ser entero, ahora con el apoyo de dos [&hellip;]<\/p>\n","protected":false},"author":1,"featured_media":5064,"comment_status":"open","ping_status":"open","sticky":false,"template":"","format":"standard","meta":{"site-container-style":"default","site-container-layout":"default","site-sidebar-layout":"default","disable-article-header":"default","disable-site-header":"default","disable-site-footer":"default","disable-content-area-spacing":"default","ngg_post_thumbnail":0,"_joinchat":[],"footnotes":""},"categories":[3,208,14,214,16],"tags":[40,51,301,192,199,200],"class_list":["post-5062","post","type-post","status-publish","format-standard","has-post-thumbnail","hentry","category-autismo","category-camino-de-vida","category-terapias-energeticas","category-viajando-por-el-samsara","category-vivir-consciente","tag-autismo","tag-camino-de-vida","tag-epigenetica","tag-vida-consciente","tag-vivir-consciente","tag-vivir-mejor"],"_links":{"self":[{"href":"https:\/\/zocalo.cl\/enamoralaverdad\/wp-json\/wp\/v2\/posts\/5062","targetHints":{"allow":["GET"]}}],"collection":[{"href":"https:\/\/zocalo.cl\/enamoralaverdad\/wp-json\/wp\/v2\/posts"}],"about":[{"href":"https:\/\/zocalo.cl\/enamoralaverdad\/wp-json\/wp\/v2\/types\/post"}],"author":[{"embeddable":true,"href":"https:\/\/zocalo.cl\/enamoralaverdad\/wp-json\/wp\/v2\/users\/1"}],"replies":[{"embeddable":true,"href":"https:\/\/zocalo.cl\/enamoralaverdad\/wp-json\/wp\/v2\/comments?post=5062"}],"version-history":[{"count":0,"href":"https:\/\/zocalo.cl\/enamoralaverdad\/wp-json\/wp\/v2\/posts\/5062\/revisions"}],"wp:featuredmedia":[{"embeddable":true,"href":"https:\/\/zocalo.cl\/enamoralaverdad\/wp-json\/wp\/v2\/media\/5064"}],"wp:attachment":[{"href":"https:\/\/zocalo.cl\/enamoralaverdad\/wp-json\/wp\/v2\/media?parent=5062"}],"wp:term":[{"taxonomy":"category","embeddable":true,"href":"https:\/\/zocalo.cl\/enamoralaverdad\/wp-json\/wp\/v2\/categories?post=5062"},{"taxonomy":"post_tag","embeddable":true,"href":"https:\/\/zocalo.cl\/enamoralaverdad\/wp-json\/wp\/v2\/tags?post=5062"}],"curies":[{"name":"wp","href":"https:\/\/api.w.org\/{rel}","templated":true}]}}