{"id":5252,"date":"2025-04-02T11:04:00","date_gmt":"2025-04-02T15:04:00","guid":{"rendered":"https:\/\/zocalo.cl\/enamoralaverdad\/?p=5252"},"modified":"2025-04-07T13:00:41","modified_gmt":"2025-04-07T17:00:41","slug":"2-de-abril-dia-de-concienciacion-del-autismo","status":"publish","type":"post","link":"https:\/\/zocalo.cl\/enamoralaverdad\/2-de-abril-dia-de-concienciacion-del-autismo\/","title":{"rendered":"2 de abril, d\u00eda de concienciaci\u00f3n del autismo"},"content":{"rendered":"\n<p>Mi reflexi\u00f3n de hoy 2 de abril, d\u00eda de concienciaci\u00f3n del autismo \ud83d\ude4f\ud83c\udffe<br>Soy autista, orgullosamente autista, de diagn\u00f3stico muy tard\u00edo.<br>Nos falta mucho como humanidad para la aceptaci\u00f3n real de quienes somos un poco distintos al promedio.<br>Mira mi reel en instagram:<br><a href=\"https:\/\/www.instagram.com\/p\/DH8htx-xGtJ\/\">https:\/\/www.instagram.com\/p\/DH8htx-xGtJ\/https:\/\/www.instagram.com\/p\/DH8htx-xGtJ\/<\/a><br>.<br><a href=\"https:\/\/www.instagram.com\/explore\/tags\/soyautista\/\">#soyautista<\/a> <a href=\"https:\/\/www.instagram.com\/explore\/tags\/orgulloautista\/\">#orgulloautista<\/a> <a href=\"https:\/\/www.instagram.com\/explore\/tags\/2deabrildiadaconscientizaci%C3%B3ndelautismo\/\">#2deabrildiadaconscientizaci\u00f3ndelautismo<\/a> <a href=\"https:\/\/www.instagram.com\/explore\/tags\/2deabril\/\">#2deabril<\/a><\/p>\n\n\n\n<figure class=\"wp-block-image aligncenter size-full\"><img loading=\"lazy\" decoding=\"async\" width=\"371\" height=\"660\" src=\"https:\/\/zocalo.cl\/enamoralaverdad\/wp-content\/uploads\/2025\/04\/2abril.jpeg\" alt=\"\" class=\"wp-image-5253\" srcset=\"https:\/\/zocalo.cl\/enamoralaverdad\/wp-content\/uploads\/2025\/04\/2abril.jpeg 371w, https:\/\/zocalo.cl\/enamoralaverdad\/wp-content\/uploads\/2025\/04\/2abril-169x300.jpeg 169w\" sizes=\"auto, (max-width: 371px) 100vw, 371px\" \/><\/figure>\n","protected":false},"excerpt":{"rendered":"<p>Mi reflexi\u00f3n de hoy 2 de abril, d\u00eda de concienciaci\u00f3n del autismo \ud83d\ude4f\ud83c\udffeSoy autista, orgullosamente autista, de diagn\u00f3stico muy tard\u00edo.Nos falta mucho como humanidad para la aceptaci\u00f3n real de quienes somos un poco distintos al promedio.Mira mi reel en instagram:https:\/\/www.instagram.com\/p\/DH8htx-xGtJ\/https:\/\/www.instagram.com\/p\/DH8htx-xGtJ\/.#soyautista #orgulloautista #2deabrildiadaconscientizaci\u00f3ndelautismo #2deabril<\/p>\n","protected":false},"author":1,"featured_media":5253,"comment_status":"open","ping_status":"open","sticky":false,"template":"","format":"standard","meta":{"site-container-style":"default","site-container-layout":"default","site-sidebar-layout":"default","disable-article-header":"default","disable-site-header":"default","disable-site-footer":"default","disable-content-area-spacing":"default","ngg_post_thumbnail":0,"_joinchat":[],"footnotes":""},"categories":[3,208,272,12,214],"tags":[40,51,192],"class_list":["post-5252","post","type-post","status-publish","format-standard","has-post-thumbnail","hentry","category-autismo","category-camino-de-vida","category-neurodivergencias","category-reflejos-interiores","category-viajando-por-el-samsara","tag-autismo","tag-camino-de-vida","tag-vida-consciente"],"_links":{"self":[{"href":"https:\/\/zocalo.cl\/enamoralaverdad\/wp-json\/wp\/v2\/posts\/5252","targetHints":{"allow":["GET"]}}],"collection":[{"href":"https:\/\/zocalo.cl\/enamoralaverdad\/wp-json\/wp\/v2\/posts"}],"about":[{"href":"https:\/\/zocalo.cl\/enamoralaverdad\/wp-json\/wp\/v2\/types\/post"}],"author":[{"embeddable":true,"href":"https:\/\/zocalo.cl\/enamoralaverdad\/wp-json\/wp\/v2\/users\/1"}],"replies":[{"embeddable":true,"href":"https:\/\/zocalo.cl\/enamoralaverdad\/wp-json\/wp\/v2\/comments?post=5252"}],"version-history":[{"count":0,"href":"https:\/\/zocalo.cl\/enamoralaverdad\/wp-json\/wp\/v2\/posts\/5252\/revisions"}],"wp:featuredmedia":[{"embeddable":true,"href":"https:\/\/zocalo.cl\/enamoralaverdad\/wp-json\/wp\/v2\/media\/5253"}],"wp:attachment":[{"href":"https:\/\/zocalo.cl\/enamoralaverdad\/wp-json\/wp\/v2\/media?parent=5252"}],"wp:term":[{"taxonomy":"category","embeddable":true,"href":"https:\/\/zocalo.cl\/enamoralaverdad\/wp-json\/wp\/v2\/categories?post=5252"},{"taxonomy":"post_tag","embeddable":true,"href":"https:\/\/zocalo.cl\/enamoralaverdad\/wp-json\/wp\/v2\/tags?post=5252"}],"curies":[{"name":"wp","href":"https:\/\/api.w.org\/{rel}","templated":true}]}}