{"id":5492,"date":"2025-08-18T14:13:16","date_gmt":"2025-08-18T18:13:16","guid":{"rendered":"https:\/\/zocalo.cl\/enamoralaverdad\/?p=5492"},"modified":"2025-09-10T14:15:44","modified_gmt":"2025-09-10T18:15:44","slug":"filtros-calmer-de-flare-audio","status":"publish","type":"post","link":"https:\/\/zocalo.cl\/enamoralaverdad\/filtros-calmer-de-flare-audio\/","title":{"rendered":"Filtros Calmer de Flare Audio"},"content":{"rendered":"\n<p>Por fin casi despu\u00e9s de un mes llegaron los filtros de -10 y -15 dB, que se usan dentro de un calmer com\u00fan. Son muy peque\u00f1os, de alg\u00fan tipo de pl\u00e1stico transparente&#8230; yo cre\u00ed que eran de aluminio.<br>En la foto se ve que se pueden diferenciar por la cantidad de rayas que tienen en el mini v\u00e1stago (dif\u00edcil de notar con presbicia, a puro tacto).<br>Se pueden ir cambiando los filtros internos, desde la c\u00e1psula de aluminio que ahorra chirridos -calmer pro-, el filtro -10 y el -15.<br>Yo me qued\u00e9 con el filtro -15 dB (dos rayitas en el v\u00e1stago).<br>.<br>Les cuento&#8230; los am\u00e9.\u00a0<br>.<br>Los -15 dB protegen igual que los woo connect\u00a0de <a href=\"https:\/\/www.instagram.com\/wooearplugs\/\">@wooearplugs<\/a> y los loop engage de <a href=\"https:\/\/www.instagram.com\/loopearplugs\/\">@loopearplugs<\/a>. Peeeeeroooo&#8230; no tapan completamente el canal auditivo, por lo tanto el rebote de la voz propia es much\u00edsimo menor. Tienen una mini perforaci\u00f3n al final.<br>.<br><a href=\"https:\/\/www.instagram.com\/flareaudio\/\">@flareaudio<\/a> postula que ocluir completamente el canal auditivo aumenta la hipersensibilidad. Dato con el que estoy de acuerdo, pues cada vez estaba usando m\u00e1s protecci\u00f3n.<br>.<br>Lo mejor de todo, puedo usarlos siempre, no me reclaman que hablo m\u00e1s bajo, puedo conversar libremente, y el boche de fondo se apaga.<br>.<br>Muy contenta con la compra!<br>Aunque no me fue f\u00e1cil, pues la empresa no despacha a Chile, ni est\u00e1n disponibles en amazon. Tuve que usar casilla en Miami.<br>.<br><a href=\"https:\/\/www.instagram.com\/explore\/tags\/autismo\/\">#autismo<\/a> <a href=\"https:\/\/www.instagram.com\/explore\/tags\/soyautista\/\">#soyautista<\/a> <a href=\"https:\/\/www.instagram.com\/explore\/tags\/neurodiversidad\/\">#neurodiversidad<\/a> <a href=\"https:\/\/www.instagram.com\/explore\/tags\/neurodivergencia\/\">#neurodivergencia<\/a> <a href=\"https:\/\/www.instagram.com\/explore\/tags\/hipersensibilidad\/\">#hipersensibilidad<\/a> <a href=\"https:\/\/www.instagram.com\/explore\/tags\/hipersensibilidadauditiva\/\">#hipersensibilidadauditiva<\/a> <a href=\"https:\/\/www.instagram.com\/explore\/tags\/calmer\/\">#calmer<\/a> <a href=\"https:\/\/www.instagram.com\/explore\/tags\/flareaudio\/\">#flareaudio<\/a> <a href=\"https:\/\/www.instagram.com\/explore\/tags\/loopearplugs\/\">#loopearplugs<\/a> <a href=\"https:\/\/www.instagram.com\/explore\/tags\/personasaltamentesensibles\/\">#personasaltamentesensibles<\/a> <a href=\"https:\/\/www.instagram.com\/explore\/tags\/pas\/\">#PAS<\/a><\/p>\n\n\n\n<figure class=\"wp-block-gallery has-nested-images columns-default is-cropped wp-block-gallery-1 is-layout-flex wp-block-gallery-is-layout-flex\">\n<figure class=\"wp-block-image size-large\"><img loading=\"lazy\" decoding=\"async\" width=\"768\" height=\"1024\" data-id=\"5495\" src=\"https:\/\/zocalo.cl\/enamoralaverdad\/wp-content\/uploads\/2025\/09\/calmer1-768x1024.jpg\" alt=\"\" class=\"wp-image-5495\" srcset=\"https:\/\/zocalo.cl\/enamoralaverdad\/wp-content\/uploads\/2025\/09\/calmer1-768x1024.jpg 768w, https:\/\/zocalo.cl\/enamoralaverdad\/wp-content\/uploads\/2025\/09\/calmer1-225x300.jpg 225w, https:\/\/zocalo.cl\/enamoralaverdad\/wp-content\/uploads\/2025\/09\/calmer1-1152x1536.jpg 1152w, https:\/\/zocalo.cl\/enamoralaverdad\/wp-content\/uploads\/2025\/09\/calmer1.jpg 1440w\" sizes=\"auto, (max-width: 768px) 100vw, 768px\" \/><\/figure>\n\n\n\n<figure class=\"wp-block-image size-large\"><img loading=\"lazy\" decoding=\"async\" width=\"768\" height=\"1024\" data-id=\"5494\" src=\"https:\/\/zocalo.cl\/enamoralaverdad\/wp-content\/uploads\/2025\/09\/calmer2-768x1024.jpg\" alt=\"\" class=\"wp-image-5494\" srcset=\"https:\/\/zocalo.cl\/enamoralaverdad\/wp-content\/uploads\/2025\/09\/calmer2-768x1024.jpg 768w, https:\/\/zocalo.cl\/enamoralaverdad\/wp-content\/uploads\/2025\/09\/calmer2-225x300.jpg 225w, https:\/\/zocalo.cl\/enamoralaverdad\/wp-content\/uploads\/2025\/09\/calmer2-1152x1536.jpg 1152w, https:\/\/zocalo.cl\/enamoralaverdad\/wp-content\/uploads\/2025\/09\/calmer2.jpg 1440w\" sizes=\"auto, (max-width: 768px) 100vw, 768px\" \/><\/figure>\n\n\n\n<figure class=\"wp-block-image size-large\"><img loading=\"lazy\" decoding=\"async\" width=\"768\" height=\"1024\" data-id=\"5493\" src=\"https:\/\/zocalo.cl\/enamoralaverdad\/wp-content\/uploads\/2025\/09\/calmer3-768x1024.jpg\" alt=\"\" class=\"wp-image-5493\" srcset=\"https:\/\/zocalo.cl\/enamoralaverdad\/wp-content\/uploads\/2025\/09\/calmer3-768x1024.jpg 768w, https:\/\/zocalo.cl\/enamoralaverdad\/wp-content\/uploads\/2025\/09\/calmer3-225x300.jpg 225w, https:\/\/zocalo.cl\/enamoralaverdad\/wp-content\/uploads\/2025\/09\/calmer3-1152x1536.jpg 1152w, https:\/\/zocalo.cl\/enamoralaverdad\/wp-content\/uploads\/2025\/09\/calmer3.jpg 1440w\" sizes=\"auto, (max-width: 768px) 100vw, 768px\" \/><\/figure>\n<\/figure>\n","protected":false},"excerpt":{"rendered":"<p>Por fin casi despu\u00e9s de un mes llegaron los filtros de -10 y -15 dB, que se usan dentro de un calmer com\u00fan. Son muy peque\u00f1os, de alg\u00fan tipo de pl\u00e1stico transparente&#8230; yo cre\u00ed que eran de aluminio.En la foto se ve que se pueden diferenciar por la cantidad de rayas que tienen en el [&hellip;]<\/p>\n","protected":false},"author":1,"featured_media":5495,"comment_status":"open","ping_status":"open","sticky":false,"template":"","format":"standard","meta":{"site-container-style":"default","site-container-layout":"default","site-sidebar-layout":"default","disable-article-header":"default","disable-site-header":"default","disable-site-footer":"default","disable-content-area-spacing":"default","ngg_post_thumbnail":0,"_joinchat":[],"footnotes":""},"categories":[3,272,214],"tags":[320,51,319,267,268,318],"class_list":["post-5492","post","type-post","status-publish","format-standard","has-post-thumbnail","hentry","category-autismo","category-neurodivergencias","category-viajando-por-el-samsara","tag-calmer","tag-camino-de-vida","tag-flare-audio","tag-hipersensibilidad","tag-hipersensibilidad-auditiva","tag-neurodivergencias"],"_links":{"self":[{"href":"https:\/\/zocalo.cl\/enamoralaverdad\/wp-json\/wp\/v2\/posts\/5492","targetHints":{"allow":["GET"]}}],"collection":[{"href":"https:\/\/zocalo.cl\/enamoralaverdad\/wp-json\/wp\/v2\/posts"}],"about":[{"href":"https:\/\/zocalo.cl\/enamoralaverdad\/wp-json\/wp\/v2\/types\/post"}],"author":[{"embeddable":true,"href":"https:\/\/zocalo.cl\/enamoralaverdad\/wp-json\/wp\/v2\/users\/1"}],"replies":[{"embeddable":true,"href":"https:\/\/zocalo.cl\/enamoralaverdad\/wp-json\/wp\/v2\/comments?post=5492"}],"version-history":[{"count":0,"href":"https:\/\/zocalo.cl\/enamoralaverdad\/wp-json\/wp\/v2\/posts\/5492\/revisions"}],"wp:featuredmedia":[{"embeddable":true,"href":"https:\/\/zocalo.cl\/enamoralaverdad\/wp-json\/wp\/v2\/media\/5495"}],"wp:attachment":[{"href":"https:\/\/zocalo.cl\/enamoralaverdad\/wp-json\/wp\/v2\/media?parent=5492"}],"wp:term":[{"taxonomy":"category","embeddable":true,"href":"https:\/\/zocalo.cl\/enamoralaverdad\/wp-json\/wp\/v2\/categories?post=5492"},{"taxonomy":"post_tag","embeddable":true,"href":"https:\/\/zocalo.cl\/enamoralaverdad\/wp-json\/wp\/v2\/tags?post=5492"}],"curies":[{"name":"wp","href":"https:\/\/api.w.org\/{rel}","templated":true}]}}