{"id":981,"date":"2010-04-05T13:04:30","date_gmt":"2010-04-05T16:04:30","guid":{"rendered":"http:\/\/www.zocalo.cl\/brujita\/?p=981"},"modified":"2010-04-05T13:04:30","modified_gmt":"2010-04-05T16:04:30","slug":"las-terapias-florales","status":"publish","type":"post","link":"https:\/\/zocalo.cl\/enamoralaverdad\/las-terapias-florales\/","title":{"rendered":"Las terapias florales"},"content":{"rendered":"<p><img loading=\"lazy\" decoding=\"async\" class=\"alignleft\" style=\"margin: 4px;\" alt=\"Las 38 flores de Bach\" src=\"http:\/\/www.zocalo.cl\/brujita\/imagenes\/floresbach.jpg\" width=\"191\" height=\"250\" \/>Hace unos cuantos a\u00f1os, en medio de una terapia, la sic\u00f3loga de entonces sac\u00f3 unos peque\u00f1os frasquitos, me indujo un leve trance hipn\u00f3tico, y me hizo elegir unos pocos n\u00fameros entre 1 y el 38. Luego me hizo un preparado con las esencias designadas con los n\u00fameros que yo hab\u00eda elegido. Desde entonces recuerdo el efecto que esas esencias florales hicieron en m\u00ed.<\/p>\n<p>Hace 2 a\u00f1os y medio empec\u00e9 a trabajar con las esencias florales de Bach. Mi acercamiento a ellas se origin\u00f3 en la b\u00fasqueda de otras terapias, que pudieran complementar las sanaciones.<br \/>\nBuscaba una terapia que le permitiera al paciente usar la l\u00f3gica de tomar remedios al\u00f3patas, pero sin los efectos de \u00e9stos.<\/p>\n<p>Recordando lo que hab\u00edan logrado en m\u00ed, busqu\u00e9 libros, baj\u00e9 mucha informaci\u00f3n de internet y compr\u00e9 las 38 esencias, m\u00e1s el rescue remedy.<!--more--><br \/>\nCuando empec\u00e9 a estudiarlas, descubr\u00ed que la forma en que trabajan en nuestro cuerpo es muy similar a la de las sanaciones. Ambas t\u00e9cnicas apuntan a limpiar nuestro sistema energ\u00e9tico de emociones y de programaciones negativas, por lo tanto pude aplicar gran parte de la l\u00f3gica de mi trabajo en sanaciones, a la prescripci\u00f3n de esencias de Bach.<\/p>\n<p>Y si bien estudio en detalle cada esencia, en vez de diagnosticar al paciente por medio de una entrevista, como sugiere el m\u00e9todo tradicional, opt\u00e9 por leer directo del aura las emociones negativas que inundan m\u00e1s el aura de un paciente, en determinado momento.<br \/>\nEste sistema de diagn\u00f3stico me ha resultado muy acertado, pues por medio de la lectura del aura descubro el origen de los problemas emocionales del paciente. Por ejemplo, muchas veces la rabia enmascara el miedo, y para sanar esa rabia, es necesario limpiar el miedo primero.<br \/>\nAdem\u00e1s, es m\u00e1s f\u00e1cil detectar las programaciones y emociones ocultas en segundo, tercer o cuarto plano.<\/p>\n<p>Con la pr\u00e1ctica, he descubierto que la terapia con esencias es mucho m\u00e1s efectiva a\u00fan si la aplico tras una sanaci\u00f3n, o una serie de ellas. En estos casos, el preparado apunta a las mismas emociones descubiertas y limpiadas durante la sanaci\u00f3n. Y el hecho de que el paciente tenga un refuerzo con otra terapia durante un mes, provoca una remoci\u00f3n m\u00e1s profunda de los patrones negativos. Particularmente es \u00fatil para ayudar a soltar emociones que hemos acumulado a lo largo de toda una vida, como la culpa, o la frustraci\u00f3n. Un tratamiento con flores de Bach, de unos 2 o 3 meses, ayuda mucho a soltar patrones negativos persistentes.<\/p>\n<p>Como en toda terapia, hay personas m\u00e1s receptivas a las flores, y otras no tanto. En aquellas que son receptivas, los efectos se empiezan a notar a los dos d\u00edas. Pero la experiencia me ha indicado que el complementar las dos terapias, acorta los procesos de crecimiento personal.<\/p>\n<p>En el caso de los ni\u00f1os, he aprendido en la pr\u00e1ctica que ellos se enferman por absorber emociones de sus pap\u00e1s, por lo que la pauta es leer el aura de los padres -adem\u00e1s de la del ni\u00f1o-, e indicar las esencias que lo ayuden a limpiar las emociones de los padres. Claramente el ni\u00f1o avanza m\u00e1s r\u00e1pido en su sanaci\u00f3n, si los padres tambi\u00e9n toman flores de Bach.<\/p>\n<p>Con las mascotas aplico el mismo criterio, pues al ver el aura se hace muy evidente c\u00f3mo nuestros regalones acostumbran absorber todas las emociones de sus humanos. Y aqu\u00ed, al igual que con los ni\u00f1os, el proceso es m\u00e1s r\u00e1pido si los humanos tambi\u00e9n se tratan.<\/p>\n<p>Un ejemplo muy concreto de la efectividad de las esencias es que por estos d\u00edas de estr\u00e9s post traum\u00e1tico profundo en nuestro lindo pa\u00eds, las esencias para tratar miedos han resultado muy eficaces para ayudar a superar el trauma a quienes vivieron eventos dif\u00edciles por el terremoto del 27 de febrero. El concentrado de rescue remedy (mezcla de 5 esencias), tambi\u00e9n ha sido de mucha ayuda.<\/p>\n<p>Tras todo este tiempo recetando flores, he ido entendiendo que mi estilo de trabajo con ellas es m\u00e1s af\u00edn al sentido <a title=\"Patrones transpersonales de las esencias de Bach\" href=\"http:\/\/www.ricardoorozco.com\/El_Patron_Transpersonal.htm\" target=\"_blank\" rel=\"noopener noreferrer\">transpersonal de las esencias<\/a>. De a poco he ido captando la energ\u00eda m\u00e1s profunda de cada flor, la que se resume en no m\u00e1s de 3 palabras.<br \/>\nEste estilo de administrarlas me ha resultado muy eficaz; tanto as\u00ed, que los pacientes reportan que sienten que les hacen un efecto m\u00e1s profundo que cuando las tomaron recetadas por otro terapeuta, a\u00fan cuando se est\u00e9n tratando s\u00f3lo con esencias florales, sin sanaciones.<\/p>\n<p>De estos a\u00f1os de pr\u00e1ctica, me queda la sensaci\u00f3n de que estas esencias son sutiles en su trabajo con las energ\u00edas humanas. Por eso he estado estudiando con atenci\u00f3n los sistemas florales de Sudam\u00e9rica. Me llaman particularmente la atenci\u00f3n las esencias del desierto florido chileno, y las orqu\u00eddeas de Machu Pichu. Tengo la percepci\u00f3n de que son m\u00e1s r\u00e1pidas, pues son m\u00e1s acordes a nuestra energ\u00eda sudamericana.<br \/>\nPronto las incorporar\u00e9 a mis terapias\u2026 y ya les contar\u00e9 c\u00f3mo me va con ellas.<\/p>\n","protected":false},"excerpt":{"rendered":"<p>Hace unos cuantos a\u00f1os, en medio de una terapia, la sic\u00f3loga de entonces sac\u00f3 unos peque\u00f1os frasquitos, me indujo un leve trance hipn\u00f3tico, y me hizo elegir unos pocos n\u00fameros entre 1 y el 38. Luego me hizo un preparado con las esencias designadas con los n\u00fameros que yo hab\u00eda elegido. Desde entonces recuerdo el [&hellip;]<\/p>\n","protected":false},"author":1,"featured_media":0,"comment_status":"open","ping_status":"open","sticky":false,"template":"","format":"standard","meta":{"site-container-style":"default","site-container-layout":"default","site-sidebar-layout":"default","disable-article-header":"default","disable-site-header":"default","disable-site-footer":"default","disable-content-area-spacing":"default","ngg_post_thumbnail":0,"_joinchat":[],"footnotes":""},"categories":[14],"tags":[95,160,180,200],"class_list":["post-981","post","type-post","status-publish","format-standard","hentry","category-terapias-energeticas","tag-flores-de-bach","tag-sanacion","tag-terapias","tag-vivir-mejor"],"_links":{"self":[{"href":"https:\/\/zocalo.cl\/enamoralaverdad\/wp-json\/wp\/v2\/posts\/981","targetHints":{"allow":["GET"]}}],"collection":[{"href":"https:\/\/zocalo.cl\/enamoralaverdad\/wp-json\/wp\/v2\/posts"}],"about":[{"href":"https:\/\/zocalo.cl\/enamoralaverdad\/wp-json\/wp\/v2\/types\/post"}],"author":[{"embeddable":true,"href":"https:\/\/zocalo.cl\/enamoralaverdad\/wp-json\/wp\/v2\/users\/1"}],"replies":[{"embeddable":true,"href":"https:\/\/zocalo.cl\/enamoralaverdad\/wp-json\/wp\/v2\/comments?post=981"}],"version-history":[{"count":0,"href":"https:\/\/zocalo.cl\/enamoralaverdad\/wp-json\/wp\/v2\/posts\/981\/revisions"}],"wp:attachment":[{"href":"https:\/\/zocalo.cl\/enamoralaverdad\/wp-json\/wp\/v2\/media?parent=981"}],"wp:term":[{"taxonomy":"category","embeddable":true,"href":"https:\/\/zocalo.cl\/enamoralaverdad\/wp-json\/wp\/v2\/categories?post=981"},{"taxonomy":"post_tag","embeddable":true,"href":"https:\/\/zocalo.cl\/enamoralaverdad\/wp-json\/wp\/v2\/tags?post=981"}],"curies":[{"name":"wp","href":"https:\/\/api.w.org\/{rel}","templated":true}]}}