{"id":994,"date":"2010-04-19T23:36:48","date_gmt":"2010-04-20T02:36:48","guid":{"rendered":"http:\/\/www.zocalo.cl\/brujita\/?p=994"},"modified":"2010-04-19T23:36:48","modified_gmt":"2010-04-20T02:36:48","slug":"donde-estoy","status":"publish","type":"post","link":"https:\/\/zocalo.cl\/enamoralaverdad\/donde-estoy\/","title":{"rendered":"Donde estoy"},"content":{"rendered":"<p>Releyendo <a title=\"De d\u00f3nde vengo\" href=\"http:\/\/www.zocalo.cl\/brujita\/?p=12\" target=\"_blank\" rel=\"noopener noreferrer\">De donde vengo<\/a>, estoy tomando conciencia del punto de mi camino que recorro por estos d\u00edas. Hace 3 a\u00f1os que escrib\u00ed ese resumen de mi b\u00fasqueda vital. En ese momento, al plasmar en letras lo que sent\u00eda, de mi coraz\u00f3n salieron algunas frases que hasta ahora resuenan en m\u00ed.<\/p>\n<p style=\"padding-left: 30px;\"><em>Si es por definir esa inquietud persistente, era como un hambre de saber, una ansiedad por recuperar algo que alguna vez supe y manej\u00e9. Una nostalgia infinita de una armon\u00eda maravillosa y perfecta que en alg\u00fan tiempo perdido experiment\u00e9. Un intento desesperado de recordar un conocimiento que adivinaba oculto entre las profundidades de mi ser.<\/em><\/p>\n<p style=\"padding-left: 30px;\"><em>\u2026Mi tozudez de siempre ahora me parece tan l\u00f3gica y salvadora. Mi instinto feroz me suena tan vital y necesario; tan l\u00facido.<\/em><\/p>\n<p>En los \u00faltimos 5 meses, mi vida ha sido una vor\u00e1gine de informaci\u00f3n, experiencias, aprendizaje y muchas cosas m\u00e1s. Han sido 5 meses de vivir el d\u00eda, descubriendo paso a paso los secretos m\u00e1s profundos de la vida, las simplezas m\u00e1s grandes y bellas de la cotidianeidad, las percepciones m\u00e1s iluminadoras de mi existencia entera.<\/p>\n<p><img loading=\"lazy\" decoding=\"async\" class=\"alignleft\" style=\"margin: 4px;\" src=\"http:\/\/www.zocalo.cl\/brujita\/imagenes\/anahatha.gif\" alt=\"Anahata\" width=\"250\" height=\"251\">Haciendo un recuento, la vor\u00e1gine comenz\u00f3 al empezar a asistir a temazcales, y luego a un encuentro de chamanes de Am\u00e9rica. Despu\u00e9s vino un contacto con un sanador de renombre, que me mostr\u00f3 el estado natural del ser, centrado en el 4\u00ba chakra. El \u00faltimo eslab\u00f3n fue un sue\u00f1o donde me ense\u00f1aron que todo lo que andaba buscando estaba en mi coraz\u00f3n, que nunca se hab\u00eda ido de ah\u00ed, y que permanecer\u00eda por siempre. No sab\u00eda entonces que estos eventos eran apenas la preparaci\u00f3n para lo que ven\u00eda.<\/p>\n<p>Las sincron\u00edas de la vida y los acuerdos de vidas anteriores me llevaron a un reencuentro con un compa\u00f1ero de senderos de encarnaciones pasadas.<\/p>\n<p>Desde entonces, una marea de energ\u00eda luminosa inund\u00f3 mi vida. Esa nostalgia infinita que sent\u00eda empez\u00f3 a ser aplacada por fin; esos conocimientos olvidados en la profundidad de mi ser, comenzaron a despertar; esa armon\u00eda lejana que anhelaba en forma desesperada, retorn\u00f3 al d\u00eda a d\u00eda.<\/p>\n<p>La informaci\u00f3n y conocimiento para crear este milagro lleg\u00f3 en un trabajo intenso con este compa\u00f1ero, en personas, en recuerdos l\u00facidos, en seres de luz y hasta en la pel\u00edcula Avatar.<\/p>\n<p>El primer gran aprendizaje, fue sentir por fin que el amor no es una fuerza sutil, sino que es el motor que mueve al universo. Lo pude empezar a sentir dentro de mi coraz\u00f3n, en mi cuerpo entero, en mi familia, mis amigos, mis mascotas, las plantas\u2026 y en todo lo que me rodea; en un l\u00e1piz, una silla, una roca\u2026 y tambi\u00e9n en todos aquellos seres, personas y demases que me disgustan.<\/p>\n<p>De pronto pude percibir que el amor es fuego, y que est\u00e1 en los corazones de todos los seres del universo, en el coraz\u00f3n de la Pachamama, y todos los otros planetas.<br \/>\nSent\u00ed y comprend\u00ed entonces que cualquier cosa que quisiera saber, entender o descubrir, estaba realmente en mi 4\u00ba chakra, mi coraz\u00f3n, tal cual me lo hab\u00edan dicho en sue\u00f1os. Al mismo tiempo, sent\u00ed que lo que hab\u00eda aprendido y practicado hasta entonces, era una aproximaci\u00f3n mental, era el camino a recorrer para poder entender y vivir por fin desde la perspectiva natural y sana.<br \/>\nEn ese momento dejaron de tener sentido muchas t\u00e9cnicas practicadas en los \u00faltimos 5 a\u00f1os. Y en sue\u00f1os empezaron a llegar nuevas formas de sanar, nuevos seres de luz, con una vibraci\u00f3n m\u00e1s compasiva y mucho m\u00e1s alegre, en sinton\u00eda total con el coraz\u00f3n.<\/p>\n<p>Junto con esta comprensi\u00f3n profunda, despertaron los recuerdos de otras vidas, donde alguna vez supe todo lo que en esta vida he buscado. Record\u00e9 y recuper\u00e9 tambi\u00e9n ese estado natural del ser uno con todo lo que nos rodea, ese sentido que tienen los ni\u00f1os y las culturas nativas\u2026 sincron\u00edas de la vida: lo recuper\u00e9 justo unas horas antes de ver la pel\u00edcula Avatar. Y como el mundo es m\u00e1gico, en el momento preciso del estallido de claridad, llegaron mis 5 gatos a saludarme.<\/p>\n<p>Desde ese d\u00eda, puedo sentir en mi coraz\u00f3n la esencia de un \u00e1rbol y mecerme con \u00e9l en el viento; siento la esencia de los alimentos que ingiero, y les agradezco su energ\u00eda y su participaci\u00f3n en mi vida.<\/p>\n<p>D\u00eda tras d\u00eda aparecen nuevas t\u00e9cnicas de sanaci\u00f3n, nuevos trucos y juegos. Y al mismo tiempo, todo se va simplificando, todo se hace m\u00e1s brillante y claro.<br \/>\nLa comprensi\u00f3n profunda de la vida crece semana tras semana, la alegr\u00eda inunda cada vez m\u00e1s el alma.<\/p>\n<p>Quienes han recibido sanaci\u00f3n en estos meses de embriaguez de energ\u00eda vital, reportan cambios m\u00e1s profundos, m\u00e1s estables. Reconocen en m\u00ed una energ\u00eda distinta, m\u00e1s viva, m\u00e1s amorosa.<\/p>\n<p>Ha sido tanta la energ\u00eda e informaci\u00f3n recibida, que tambi\u00e9n lleg\u00f3 la certeza y la necesidad de compartirla, de derramarla en el entorno; no s\u00f3lo en las sanaciones, sino que tambi\u00e9n en talleres.<\/p>\n<p>Que alegr\u00eda poder trasmitir por fin desde la certeza plena, no de la esperanza lejana, no desde la lecci\u00f3n aprendida mentalmente. Que gratificaci\u00f3n m\u00e1s profunda el poder guiar a otros a encender dentro de sus corazones esa llama de amor, certeza y claridad. Que recompensa m\u00e1s bella y nutriente el presenciar el momento fugaz y eterno de encendido de esa llama.<\/p>\n<p>Es esta armon\u00eda la que busqu\u00e9 por tanto a\u00f1os, la que anhelaba con desesperaci\u00f3n. Es este estado de ser uno con la totalidad el que busqu\u00e9 con tenacidad y terquedad profunda.<\/p>\n<p>Ahora m\u00e1s que nunca me parece l\u00facido mi instinto profundo y rebelde, pues estoy donde siempre quise estar, y soy lo que quise ser.<\/p>\n<p>Y el camino reci\u00e9n comienza\u2026<\/p>\n","protected":false},"excerpt":{"rendered":"<p>Releyendo De donde vengo, estoy tomando conciencia del punto de mi camino que recorro por estos d\u00edas. Hace 3 a\u00f1os que escrib\u00ed ese resumen de mi b\u00fasqueda vital. En ese momento, al plasmar en letras lo que sent\u00eda, de mi coraz\u00f3n salieron algunas frases que hasta ahora resuenan en m\u00ed. Si es por definir esa [&hellip;]<\/p>\n","protected":false},"author":1,"featured_media":0,"comment_status":"closed","ping_status":"closed","sticky":false,"template":"","format":"standard","meta":{"site-container-style":"default","site-container-layout":"default","site-sidebar-layout":"default","disable-article-header":"default","disable-site-header":"default","disable-site-footer":"default","disable-content-area-spacing":"default","ngg_post_thumbnail":0,"_joinchat":[],"footnotes":""},"categories":[12],"tags":[51,156],"class_list":["post-994","post","type-post","status-publish","format-standard","hentry","category-reflejos-interiores","tag-camino-de-vida","tag-reflexiones"],"_links":{"self":[{"href":"https:\/\/zocalo.cl\/enamoralaverdad\/wp-json\/wp\/v2\/posts\/994","targetHints":{"allow":["GET"]}}],"collection":[{"href":"https:\/\/zocalo.cl\/enamoralaverdad\/wp-json\/wp\/v2\/posts"}],"about":[{"href":"https:\/\/zocalo.cl\/enamoralaverdad\/wp-json\/wp\/v2\/types\/post"}],"author":[{"embeddable":true,"href":"https:\/\/zocalo.cl\/enamoralaverdad\/wp-json\/wp\/v2\/users\/1"}],"replies":[{"embeddable":true,"href":"https:\/\/zocalo.cl\/enamoralaverdad\/wp-json\/wp\/v2\/comments?post=994"}],"version-history":[{"count":0,"href":"https:\/\/zocalo.cl\/enamoralaverdad\/wp-json\/wp\/v2\/posts\/994\/revisions"}],"wp:attachment":[{"href":"https:\/\/zocalo.cl\/enamoralaverdad\/wp-json\/wp\/v2\/media?parent=994"}],"wp:term":[{"taxonomy":"category","embeddable":true,"href":"https:\/\/zocalo.cl\/enamoralaverdad\/wp-json\/wp\/v2\/categories?post=994"},{"taxonomy":"post_tag","embeddable":true,"href":"https:\/\/zocalo.cl\/enamoralaverdad\/wp-json\/wp\/v2\/tags?post=994"}],"curies":[{"name":"wp","href":"https:\/\/api.w.org\/{rel}","templated":true}]}}